{"id":27842,"date":"2023-04-14T15:42:43","date_gmt":"2023-04-14T18:42:43","guid":{"rendered":"https:\/\/www.oparanews.com.br\/?p=27842"},"modified":"2023-04-14T15:42:43","modified_gmt":"2023-04-14T18:42:43","slug":"prefeito-ronaldo-lopes-leva-reivindicacoes-do-povo-de-penedo-para-brasilia","status":"publish","type":"post","link":"https:\/\/www.oparanews.com.br\/index.php\/2023\/04\/14\/prefeito-ronaldo-lopes-leva-reivindicacoes-do-povo-de-penedo-para-brasilia\/","title":{"rendered":"Prefeito Ronaldo Lopes leva reivindica\u00e7\u00f5es do povo de Penedo para Bras\u00edlia"},"content":{"rendered":"<p>O Prefeito Ronaldo Lopes cumpriu agenda de trabalho em Bras\u00edlia durante a semana, levando para deputados e senadores alagoanos reivindica\u00e7\u00f5es da popula\u00e7\u00e3o penedense e das regi\u00f5es do Baixo S\u00e3o Francisco e Litoral Sul.<\/p>\n<p>&nbsp;<\/p>\n<p>Acompanhado pelo Secret\u00e1rio Executivo da Sesau Alagoas, Guilherme Lopes, Ronaldo assegurou recursos de emenda parlamentar para custeio da UPA e do Centro de Diagn\u00f3sticos.<\/p>\n<p>&nbsp;<\/p>\n<p>As estruturas sediadas em Penedo que tamb\u00e9m servem aos demais munic\u00edpios da 6\u00aa regi\u00e3o de Sa\u00fade (Coruripe, Jequi\u00e1 da Praia, Feliz Deserto, Pia\u00e7abu\u00e7u, Igreja Nova, Porto Real do Col\u00e9gio e S\u00e3o Br\u00e1s).<\/p>\n<p>&nbsp;<\/p>\n<p>Pol\u00edtico bem articulado e com portas abertas em todos os lugares, Ronaldo Lopes foi recebido pelos senadores Renan Calheiros e Rodrigo Cunha; os deputados federais reeleitos Marx Beltr\u00e3o, Isnaldo Bulh\u00f5es e Paul\u00e3o; e os que est\u00e3o iniciando o mandato, entre eles Rafael Brito e Luciano Amaral.<\/p>\n<p><a href=\"http:\/\/www.oparanews.com.br\/wp-content\/uploads\/2023\/04\/ronaldo-lopes-em-brasilia-3-e1681496020437.jpg\"><img loading=\"lazy\" decoding=\"async\" class=\"aligncenter size-full wp-image-27845\" src=\"http:\/\/www.oparanews.com.br\/wp-content\/uploads\/2023\/04\/ronaldo-lopes-em-brasilia-3-e1681496020437.jpg\" alt=\"\" width=\"960\" height=\"1036\" srcset=\"https:\/\/www.oparanews.com.br\/wp-content\/uploads\/2023\/04\/ronaldo-lopes-em-brasilia-3-e1681496020437.jpg 960w, https:\/\/www.oparanews.com.br\/wp-content\/uploads\/2023\/04\/ronaldo-lopes-em-brasilia-3-e1681496020437-278x300.jpg 278w, https:\/\/www.oparanews.com.br\/wp-content\/uploads\/2023\/04\/ronaldo-lopes-em-brasilia-3-e1681496020437-949x1024.jpg 949w, https:\/\/www.oparanews.com.br\/wp-content\/uploads\/2023\/04\/ronaldo-lopes-em-brasilia-3-e1681496020437-768x829.jpg 768w\" sizes=\"auto, (max-width: 960px) 100vw, 960px\" \/><\/a><\/p>\n<p>O Ministro dos Transportes e senador Renan Filho tamb\u00e9m atendeu o prefeito penedense em seu gabinete para tratar temas de interesse do povo de Penedo e cidades vizinhas. Lopes tamb\u00e9m esteve no DNIT para tratar do projeto ponte Penedo-Ne\u00f3polis e foi atendido pelo Presidente do IPHAN, Leandro Grass.<\/p>\n<p><a href=\"http:\/\/www.oparanews.com.br\/wp-content\/uploads\/2023\/04\/ronaldo-lopes-em-brasilia-2.jpg\"><img loading=\"lazy\" decoding=\"async\" class=\"aligncenter size-full wp-image-27844\" src=\"http:\/\/www.oparanews.com.br\/wp-content\/uploads\/2023\/04\/ronaldo-lopes-em-brasilia-2.jpg\" alt=\"\" width=\"1280\" height=\"853\" srcset=\"https:\/\/www.oparanews.com.br\/wp-content\/uploads\/2023\/04\/ronaldo-lopes-em-brasilia-2.jpg 1280w, https:\/\/www.oparanews.com.br\/wp-content\/uploads\/2023\/04\/ronaldo-lopes-em-brasilia-2-300x200.jpg 300w, https:\/\/www.oparanews.com.br\/wp-content\/uploads\/2023\/04\/ronaldo-lopes-em-brasilia-2-1024x682.jpg 1024w, https:\/\/www.oparanews.com.br\/wp-content\/uploads\/2023\/04\/ronaldo-lopes-em-brasilia-2-768x512.jpg 768w\" sizes=\"auto, (max-width: 1280px) 100vw, 1280px\" \/><\/a><\/p>\n<p>\u201cFoi a oportunidade de conhec\u00ea-lo pessoalmente e mostrar a import\u00e2ncia de investimentos para a nossa catedral diocesana, a Igreja do Ros\u00e1rio dos Pretos e o pr\u00e9dio da Associa\u00e7\u00e3o Comercial\u201d, informa sobre os pleitos amparados no \u00eaxito do PAC Cidades Hist\u00f3ricas, coordenado em Penedo pelo engenheiro civil Ronaldo Lopes.<\/p>\n<p>&nbsp;<\/p>\n<p>Al\u00e9m de ter cumprido todo o cronograma do PAC Cidades Hist\u00f3ricas, dentro do prazo previsto e com a devida presta\u00e7\u00e3o de contas, Penedo comprova que merece novos aportes para o patrim\u00f4nio tombado em n\u00edvel nacional.<\/p>\n<p><a href=\"http:\/\/www.oparanews.com.br\/wp-content\/uploads\/2023\/04\/ronaldo-lopes-em-brasilia-6.jpg\"><img loading=\"lazy\" decoding=\"async\" class=\"aligncenter size-full wp-image-27846\" src=\"http:\/\/www.oparanews.com.br\/wp-content\/uploads\/2023\/04\/ronaldo-lopes-em-brasilia-6.jpg\" alt=\"\" width=\"1280\" height=\"960\" srcset=\"https:\/\/www.oparanews.com.br\/wp-content\/uploads\/2023\/04\/ronaldo-lopes-em-brasilia-6.jpg 1280w, https:\/\/www.oparanews.com.br\/wp-content\/uploads\/2023\/04\/ronaldo-lopes-em-brasilia-6-300x225.jpg 300w, https:\/\/www.oparanews.com.br\/wp-content\/uploads\/2023\/04\/ronaldo-lopes-em-brasilia-6-1024x768.jpg 1024w, https:\/\/www.oparanews.com.br\/wp-content\/uploads\/2023\/04\/ronaldo-lopes-em-brasilia-6-768x576.jpg 768w\" sizes=\"auto, (max-width: 1280px) 100vw, 1280px\" \/><\/a><\/p>\n<p>\u201cN\u00f3s estamos entre os doze munic\u00edpios do Brasil inclu\u00eddos no programa Destinos Tur\u00edsticos Inteligentes, sendo que apenas tr\u00eas s\u00e3o da regi\u00e3o Nordeste, o que comprova a nossa capacidade t\u00e9cnica junto ao BID e Sebrae. E Penedo \u00e9 a \u00fanica do interior, as outras s\u00e3o as capitais Recife-PE e S\u00e3o Lu\u00eds-MA\u201d, explica Ronaldo Lopes sobre a vit\u00f3ria conquistada por meio de um edital rigoroso.<\/p>\n<p>&nbsp;<\/p>\n<p>Outra justificativa levada ao IPHAN \u00e9 a candidatura de Penedo para a rede mundial de Cidades Criativas, uma iniciativa da Unesco. A cidade hist\u00f3rica est\u00e1 se habilitando na categoria cinema entre as op\u00e7\u00f5es relacionadas com a economia criativa, setor que gera emprego e renda que tem recebido aten\u00e7\u00e3o especial do Prefeito Ronaldo Lopes.<\/p>\n<p>&nbsp;<\/p>\n<p>&nbsp;<\/p>\n<p>&nbsp;<\/p>\n<p><strong>Fonte: Secom PMP<\/strong><\/p>\n<p>&nbsp;<\/p>\n","protected":false},"excerpt":{"rendered":"<p>O Prefeito Ronaldo Lopes cumpriu agenda de trabalho em Bras\u00edlia durante a semana, levando para deputados e senadores alagoanos reivindica\u00e7\u00f5es da popula\u00e7\u00e3o penedense e das regi\u00f5es do Baixo S\u00e3o Francisco e Litoral Sul. &nbsp; Acompanhado pelo Secret\u00e1rio Executivo da Sesau Alagoas, Guilherme Lopes, Ronaldo assegurou recursos de emenda parlamentar para custeio da UPA e do &hellip;<\/p>\n","protected":false},"author":2,"featured_media":27843,"comment_status":"open","ping_status":"open","sticky":false,"template":"","format":"standard","meta":{"_jetpack_memberships_contains_paid_content":false,"footnotes":""},"categories":[1,3],"tags":[],"class_list":["post-27842","post","type-post","status-publish","format-standard","has-post-thumbnail","hentry","category-destaque","category-penedo"],"jetpack_featured_media_url":"https:\/\/www.oparanews.com.br\/wp-content\/uploads\/2023\/04\/ronaldo-lopes-em-brasilia-5.jpg","jetpack_sharing_enabled":true,"_links":{"self":[{"href":"https:\/\/www.oparanews.com.br\/index.php\/wp-json\/wp\/v2\/posts\/27842","targetHints":{"allow":["GET"]}}],"collection":[{"href":"https:\/\/www.oparanews.com.br\/index.php\/wp-json\/wp\/v2\/posts"}],"about":[{"href":"https:\/\/www.oparanews.com.br\/index.php\/wp-json\/wp\/v2\/types\/post"}],"author":[{"embeddable":true,"href":"https:\/\/www.oparanews.com.br\/index.php\/wp-json\/wp\/v2\/users\/2"}],"replies":[{"embeddable":true,"href":"https:\/\/www.oparanews.com.br\/index.php\/wp-json\/wp\/v2\/comments?post=27842"}],"version-history":[{"count":1,"href":"https:\/\/www.oparanews.com.br\/index.php\/wp-json\/wp\/v2\/posts\/27842\/revisions"}],"predecessor-version":[{"id":27847,"href":"https:\/\/www.oparanews.com.br\/index.php\/wp-json\/wp\/v2\/posts\/27842\/revisions\/27847"}],"wp:featuredmedia":[{"embeddable":true,"href":"https:\/\/www.oparanews.com.br\/index.php\/wp-json\/wp\/v2\/media\/27843"}],"wp:attachment":[{"href":"https:\/\/www.oparanews.com.br\/index.php\/wp-json\/wp\/v2\/media?parent=27842"}],"wp:term":[{"taxonomy":"category","embeddable":true,"href":"https:\/\/www.oparanews.com.br\/index.php\/wp-json\/wp\/v2\/categories?post=27842"},{"taxonomy":"post_tag","embeddable":true,"href":"https:\/\/www.oparanews.com.br\/index.php\/wp-json\/wp\/v2\/tags?post=27842"}],"curies":[{"name":"wp","href":"https:\/\/api.w.org\/{rel}","templated":true}]}}