{"id":27876,"date":"2023-04-18T14:15:44","date_gmt":"2023-04-18T17:15:44","guid":{"rendered":"https:\/\/www.oparanews.com.br\/?p=27876"},"modified":"2023-04-18T14:15:44","modified_gmt":"2023-04-18T17:15:44","slug":"prefeito-ronaldo-lopes-mantem-penedo-no-programa-cidade-empreendedora-do-sebrae","status":"publish","type":"post","link":"https:\/\/www.oparanews.com.br\/index.php\/2023\/04\/18\/prefeito-ronaldo-lopes-mantem-penedo-no-programa-cidade-empreendedora-do-sebrae\/","title":{"rendered":"Prefeito Ronaldo Lopes mant\u00e9m Penedo no Programa Cidade Empreendedora, do Sebrae"},"content":{"rendered":"<p>O Prefeito Ronaldo Lopes renovou a participa\u00e7\u00e3o de Penedo no Programa Cidade Empreendedora, uma iniciativa do Sebrae Alagoas para somente 21 munic\u00edpios do estado.<\/p>\n<p>&nbsp;<\/p>\n<p>Durante o ato formalizado em Macei\u00f3 nesta segunda-feira, 17, o gestor penedense foi acompanhado do Secret\u00e1rio Municipal de Desenvolvimento Econ\u00f4mico, Com\u00e9rcio e Ind\u00fastria (Sedecin), Pedro Felipe Queiroz; do Secret\u00e1rio Municipal de Turismo, Jair Galv\u00e3o; e do Chefe do Gabinete Civil, Pedro Soares.<\/p>\n<p>&nbsp;<\/p>\n<p>De acordo com o Sebrae Alagoas, o Programa Cidade Empreendedora ajuda na constru\u00e7\u00e3o de um ambiente favor\u00e1vel para o fortalecimento e desenvolvimento dos munic\u00edpios habilitados.<\/p>\n<p>&nbsp;<\/p>\n<p>Os participantes poder\u00e3o acompanhar o monitoramento das a\u00e7\u00f5es e avan\u00e7os da gest\u00e3o do desenvolvimento, a partir do game Cidade Empreendedora, criado em 2021.<\/p>\n<p>&nbsp;<\/p>\n<p>O game gera um plano de a\u00e7\u00e3o, dividido nos seguintes eixos estruturantes: Gest\u00e3o Municipal, Lideran\u00e7as Locais, Desburocratiza\u00e7\u00e3o, Sala do Empreendedor, Compras Governamentais, Empreendedorismo na Escola, Agricultura Familiar, Turismo e Artesanato, Inova\u00e7\u00e3o e Sustentabilidade.<\/p>\n<p>&nbsp;<\/p>\n<p>Ao final do game, o Sebrae far\u00e1 o reconhecimento dos munic\u00edpios que se destacarem em cada um dos eixos. No ano passado, Penedo recebeu o Selo Prata do Sebrae pelo trabalho desenvolvido na Sala do Empreendedor.<\/p>\n<p>&nbsp;<\/p>\n<p>Al\u00e9m de Penedo, participam Arapiraca, Batalha, Campo Alegre, Delmiro Gouveia, Jequi\u00e1 da Praia, Junqueiro, Limoeiro de Anadia, Macei\u00f3, Maragogi, Marechal Deodoro, Palmeira dos \u00cdndios, P\u00e3o de A\u00e7\u00facar, Pilar, Piranhas, S\u00e3o Jos\u00e9 da Tapera, Santana do Ipanema, S\u00e3o Miguel dos Campos, S\u00e3o Sebasti\u00e3o, Taquarana e Teot\u00f4nio Vilela.<\/p>\n<p>&nbsp;<\/p>\n<p>&nbsp;<\/p>\n<p>&nbsp;<\/p>\n<p><strong>Fonte: Secom PMP<\/strong><\/p>\n<p>&nbsp;<\/p>\n","protected":false},"excerpt":{"rendered":"<p>O Prefeito Ronaldo Lopes renovou a participa\u00e7\u00e3o de Penedo no Programa Cidade Empreendedora, uma iniciativa do Sebrae Alagoas para somente 21 munic\u00edpios do estado. &nbsp; Durante o ato formalizado em Macei\u00f3 nesta segunda-feira, 17, o gestor penedense foi acompanhado do Secret\u00e1rio Municipal de Desenvolvimento Econ\u00f4mico, Com\u00e9rcio e Ind\u00fastria (Sedecin), Pedro Felipe Queiroz; do Secret\u00e1rio Municipal &hellip;<\/p>\n","protected":false},"author":2,"featured_media":27877,"comment_status":"open","ping_status":"open","sticky":false,"template":"","format":"standard","meta":{"_jetpack_memberships_contains_paid_content":false,"footnotes":""},"categories":[1,3],"tags":[],"class_list":["post-27876","post","type-post","status-publish","format-standard","has-post-thumbnail","hentry","category-destaque","category-penedo"],"jetpack_featured_media_url":"https:\/\/www.oparanews.com.br\/wp-content\/uploads\/2023\/04\/penedo-cidade-empreendedora-sebrae-2023.jpg","jetpack_sharing_enabled":true,"_links":{"self":[{"href":"https:\/\/www.oparanews.com.br\/index.php\/wp-json\/wp\/v2\/posts\/27876","targetHints":{"allow":["GET"]}}],"collection":[{"href":"https:\/\/www.oparanews.com.br\/index.php\/wp-json\/wp\/v2\/posts"}],"about":[{"href":"https:\/\/www.oparanews.com.br\/index.php\/wp-json\/wp\/v2\/types\/post"}],"author":[{"embeddable":true,"href":"https:\/\/www.oparanews.com.br\/index.php\/wp-json\/wp\/v2\/users\/2"}],"replies":[{"embeddable":true,"href":"https:\/\/www.oparanews.com.br\/index.php\/wp-json\/wp\/v2\/comments?post=27876"}],"version-history":[{"count":1,"href":"https:\/\/www.oparanews.com.br\/index.php\/wp-json\/wp\/v2\/posts\/27876\/revisions"}],"predecessor-version":[{"id":27878,"href":"https:\/\/www.oparanews.com.br\/index.php\/wp-json\/wp\/v2\/posts\/27876\/revisions\/27878"}],"wp:featuredmedia":[{"embeddable":true,"href":"https:\/\/www.oparanews.com.br\/index.php\/wp-json\/wp\/v2\/media\/27877"}],"wp:attachment":[{"href":"https:\/\/www.oparanews.com.br\/index.php\/wp-json\/wp\/v2\/media?parent=27876"}],"wp:term":[{"taxonomy":"category","embeddable":true,"href":"https:\/\/www.oparanews.com.br\/index.php\/wp-json\/wp\/v2\/categories?post=27876"},{"taxonomy":"post_tag","embeddable":true,"href":"https:\/\/www.oparanews.com.br\/index.php\/wp-json\/wp\/v2\/tags?post=27876"}],"curies":[{"name":"wp","href":"https:\/\/api.w.org\/{rel}","templated":true}]}}