{"id":27895,"date":"2023-04-19T16:58:56","date_gmt":"2023-04-19T19:58:56","guid":{"rendered":"https:\/\/www.oparanews.com.br\/?p=27895"},"modified":"2023-04-19T17:01:04","modified_gmt":"2023-04-19T20:01:04","slug":"dr-o-diego-segue-forte-na-busca-de-aliancas-para-as-eleicoes-municipais","status":"publish","type":"post","link":"https:\/\/www.oparanews.com.br\/index.php\/2023\/04\/19\/dr-o-diego-segue-forte-na-busca-de-aliancas-para-as-eleicoes-municipais\/","title":{"rendered":"Dr.\u00ba Diego segue forte na busca de alian\u00e7as para as elei\u00e7\u00f5es municipais"},"content":{"rendered":"<p>2024 mal chegou e a pol\u00edtica local segue fervendo, Dr.\u00ba Diego \u00e9 o nome da vez no legislativo Penedense!<\/p>\n<p>&nbsp;<\/p>\n<p>Dr. Diego segue sendo um dos nomes mais comentados dentro da pol\u00edtica local e muitos j\u00e1 cravam como certa a elei\u00e7\u00e3o dele .<\/p>\n<p>&nbsp;<\/p>\n<p>Dr.\u00ba Diego como \u00e9 conhecido por todos, foi candidato pela primeira vez em 2020 , pelo partido republicanos, elegendo dois vereadores (Derivan e Rodrigo Regueira) o mesmo obteve 443 votos de amigos, atrav\u00e9s da sua credibilidade dentro da cidade .Para quem ainda n\u00e3o o conhece, o mesmo foi diretor Geral da UPA Penedo por tr\u00eas anos e hoje tem uma grande clinica na cidade.<\/p>\n<p>&nbsp;<\/p>\n<p>Em conversa com pessoas ligadas ao mesmo, uns dos fatores da derrota em 2020, se n\u00e3o a principal, foi o oba oba ,de j\u00e1 ganhou, pois nas pesquisas internas, o mesmo vinha se mantendo, sempre em segundo lugar do partido , tomando um rev\u00e9s nos dias finais!<\/p>\n<p><a href=\"http:\/\/www.oparanews.com.br\/wp-content\/uploads\/2023\/04\/IMG-20230419-WA0010.jpg\"><img loading=\"lazy\" decoding=\"async\" class=\"aligncenter size-full wp-image-27897\" src=\"http:\/\/www.oparanews.com.br\/wp-content\/uploads\/2023\/04\/IMG-20230419-WA0010.jpg\" alt=\"\" width=\"828\" height=\"774\" srcset=\"https:\/\/www.oparanews.com.br\/wp-content\/uploads\/2023\/04\/IMG-20230419-WA0010.jpg 828w, https:\/\/www.oparanews.com.br\/wp-content\/uploads\/2023\/04\/IMG-20230419-WA0010-300x280.jpg 300w, https:\/\/www.oparanews.com.br\/wp-content\/uploads\/2023\/04\/IMG-20230419-WA0010-768x718.jpg 768w\" sizes=\"auto, (max-width: 828px) 100vw, 828px\" \/><\/a><\/p>\n<p>Temos certeza com apoio da gest\u00e3o e do Deputado federal Marx Beltr\u00e3o, qual se comprometeu em um ato p\u00fablico em apoi\u00e1-lo, o resultado ser\u00e1 outro.<\/p>\n<p>&nbsp;<\/p>\n<p>Este redator entrou em contato com o Dr.\u00ba Diego , para saber qual partido se filiar\u00e1, ainda \u00e9 cedo, para falar sobre isso, de certo mesmo, ser\u00e1 o meu apoio total \u00e0 reelei\u00e7\u00e3o do prefeito Ronaldo Lopes, dando assim, continuidade ao excelente trabalho, qual vem desempenhando frente a prefeitura.<\/p>\n<p>&nbsp;<\/p>\n<p>Na \u00faltima sexta-feira, tive uma conversa bastante produtiva com Guilherme Lopes, sobre pol\u00edtica e a sa\u00fade local, reiterei o meu desejo de representar o meu povo , independente de qual partido me filiar\u00e1 , principalmente para aqueles que, confiam e confiaram o voto em 2020, agora com um final feliz .<\/p>\n<p>&nbsp;<\/p>\n<p>&nbsp;<\/p>\n<p>&nbsp;<\/p>\n<p><strong>Fonte: Assessoria<\/strong><\/p>\n<p>&nbsp;<\/p>\n","protected":false},"excerpt":{"rendered":"<p>2024 mal chegou e a pol\u00edtica local segue fervendo, Dr.\u00ba Diego \u00e9 o nome da vez no legislativo Penedense! &nbsp; Dr. Diego segue sendo um dos nomes mais comentados dentro da pol\u00edtica local e muitos j\u00e1 cravam como certa a elei\u00e7\u00e3o dele . &nbsp; Dr.\u00ba Diego como \u00e9 conhecido por todos, foi candidato pela primeira &hellip;<\/p>\n","protected":false},"author":2,"featured_media":27900,"comment_status":"open","ping_status":"open","sticky":false,"template":"","format":"standard","meta":{"_jetpack_memberships_contains_paid_content":false,"footnotes":""},"categories":[1,3],"tags":[],"class_list":["post-27895","post","type-post","status-publish","format-standard","has-post-thumbnail","hentry","category-destaque","category-penedo"],"jetpack_featured_media_url":"https:\/\/www.oparanews.com.br\/wp-content\/uploads\/2023\/04\/IMG-20230419-WA0011-2.jpg","jetpack_sharing_enabled":true,"_links":{"self":[{"href":"https:\/\/www.oparanews.com.br\/index.php\/wp-json\/wp\/v2\/posts\/27895","targetHints":{"allow":["GET"]}}],"collection":[{"href":"https:\/\/www.oparanews.com.br\/index.php\/wp-json\/wp\/v2\/posts"}],"about":[{"href":"https:\/\/www.oparanews.com.br\/index.php\/wp-json\/wp\/v2\/types\/post"}],"author":[{"embeddable":true,"href":"https:\/\/www.oparanews.com.br\/index.php\/wp-json\/wp\/v2\/users\/2"}],"replies":[{"embeddable":true,"href":"https:\/\/www.oparanews.com.br\/index.php\/wp-json\/wp\/v2\/comments?post=27895"}],"version-history":[{"count":1,"href":"https:\/\/www.oparanews.com.br\/index.php\/wp-json\/wp\/v2\/posts\/27895\/revisions"}],"predecessor-version":[{"id":27898,"href":"https:\/\/www.oparanews.com.br\/index.php\/wp-json\/wp\/v2\/posts\/27895\/revisions\/27898"}],"wp:featuredmedia":[{"embeddable":true,"href":"https:\/\/www.oparanews.com.br\/index.php\/wp-json\/wp\/v2\/media\/27900"}],"wp:attachment":[{"href":"https:\/\/www.oparanews.com.br\/index.php\/wp-json\/wp\/v2\/media?parent=27895"}],"wp:term":[{"taxonomy":"category","embeddable":true,"href":"https:\/\/www.oparanews.com.br\/index.php\/wp-json\/wp\/v2\/categories?post=27895"},{"taxonomy":"post_tag","embeddable":true,"href":"https:\/\/www.oparanews.com.br\/index.php\/wp-json\/wp\/v2\/tags?post=27895"}],"curies":[{"name":"wp","href":"https:\/\/api.w.org\/{rel}","templated":true}]}}