{"id":27917,"date":"2023-04-22T22:53:54","date_gmt":"2023-04-23T01:53:54","guid":{"rendered":"https:\/\/www.oparanews.com.br\/?p=27917"},"modified":"2023-04-22T22:53:54","modified_gmt":"2023-04-23T01:53:54","slug":"prefeito-ronaldo-lopes-investe-em-escola-digna-para-o-povo-da-zona-rural-de-penedo","status":"publish","type":"post","link":"https:\/\/www.oparanews.com.br\/index.php\/2023\/04\/22\/prefeito-ronaldo-lopes-investe-em-escola-digna-para-o-povo-da-zona-rural-de-penedo\/","title":{"rendered":"Prefeito Ronaldo Lopes investe em escola digna para o povo da zona rural de Penedo"},"content":{"rendered":"<p>Fam\u00edlias do povoado Prosperidade e comunidades pr\u00f3ximas comemoram a realiza\u00e7\u00e3o de um sonho: os moradores da \u00e1rea rural de Penedo agora t\u00eam uma escola digna, equipada e estruturada, gra\u00e7as ao investimento em educa\u00e7\u00e3o do governo Ronaldo Lopes\/Jo\u00e3o Lucas.<\/p>\n<p>&nbsp;<\/p>\n<p>A nova Escola Municipal de Educa\u00e7\u00e3o B\u00e1sica S\u00e3o Jo\u00e3o Batista n\u00e3o lembra, nem de longe, como era a unidade de ensino que atende do maternal \u00e0 Educa\u00e7\u00e3o para Jovens e Adultos (EJA). Tudo na unidade de ensino da Secretaria Municipal de Educa\u00e7\u00e3o (Semed) \u00e9 novo.<\/p>\n<p>&nbsp;<\/p>\n<p>O investimento da gest\u00e3o que trabalha para o povo do meio rural, como nunca se fez em Penedo, \u00e9 de aproximadamente um milh\u00e3o de reais. O valor destinado \u00e0 reconstru\u00e7\u00e3o da escola viabilizou a super reforma entregue nesta quinta-feira, 20.<\/p>\n<p>&nbsp;<\/p>\n<p>Ronaldo Lopes destacou que a obra foi um dos pedidos apresentados por l\u00edderes comunit\u00e1rios durante a campanha, assim como a ambul\u00e2ncia exclusiva para a regi\u00e3o \u2013 outro compromisso assumido e cumprido pelo prefeito penedense \u2013 e a manuten\u00e7\u00e3o das estradas, agora uma rotina de a\u00e7\u00f5es da Secretaria Municipal de Servi\u00e7os P\u00fablicos.<\/p>\n<p>O atendimento ao pleito da Prosperidade repercutido no Poder Legislativo Municipal tamb\u00e9m foi ressaltado pelo Vereador Rodrigo Regueira em seu pronunciamento. Ele, Derivan Thomaz, Ernande Pinheiro e Marcelo Pereira prestigiaram a solenidade, ao lado de secret\u00e1rios municipais e do comandante do 11\u00ba BPM, Tenente Coronel Wagner Coutinho.<\/p>\n<p>&nbsp;<\/p>\n<p>Al\u00e9m de ser praticamente reconstru\u00edda do piso ao telhado, a Escola Municipal S\u00e3o Jo\u00e3o Batista ganhou caixas d\u2019\u00e1gua embutidas, novas redes el\u00e9trica e hidr\u00e1ulica, muro ao redor, p\u00e1tio coberto e mais espa\u00e7os para servidores e estudantes.<\/p>\n<p>&nbsp;<\/p>\n<p>Em breve, as salas ter\u00e3o condicionar de ar, etapa que depende da adequa\u00e7\u00e3o solicitada \u00e0 empresa Equatorial Energia. O Secret\u00e1rio de Educa\u00e7\u00e3o Luciano Lucena agradeceu o apoio do Prefeito Ronaldo Lopes e da equipe da Semed, lembrando que as salas n\u00e3o tinham mais nem portas, s\u00f3 para exemplificar a situa\u00e7\u00e3o em que se encontrava.<\/p>\n<p>&nbsp;<\/p>\n<p>Luciano frisou ainda que os investimentos nas escolas da Semed est\u00e3o atraindo estudantes das redes do Estado e particular, prova do alto padr\u00e3o e da qualidade de ensino ofertados pela Prefeitura de Penedo.<\/p>\n<p>&nbsp;<\/p>\n<p>Isso acontece porque o tratamento da gest\u00e3o Ronaldo Lopes\/Jo\u00e3o Lucas para a zona rural \u00e9 o mesmo que se v\u00ea na cidade, da estrutura ao transportes escolar, do material did\u00e1tico ao acesso \u00e0s inova\u00e7\u00f5es tecnol\u00f3gicas. Professores e estudantes disp\u00f5em de internet e computadores na sala de aula, ferramentas indispens\u00e1veis para inser\u00e7\u00e3o no mundo atual.<\/p>\n<p>\u201cQuando chegamos aqui, na escola da Prosperidade, um morador veio falar comigo e disse que todos esperavam por isso h\u00e1 25 anos e agora estamos vendo a felicidade no olhar de cada um. E sabe por que isso acontece? \u00c9 fruto da boa escolha que o povo de Penedo fez e pode ter certeza que iremos fazer muito mais\u201d, afirmou o Vice-Prefeito Jo\u00e3o Lucas.<\/p>\n<p>&nbsp;<\/p>\n<p>\u201cN\u00f3s temos um prefeito que \u00e9 trabalhador, que \u00e9 de Penedo, eu e ele somos penedenses, nascemos e moramos aqui e estamos prontos para continuar trabalhando por voc\u00eas\u201d, acrescentou Jo\u00e3o Lucas durante a solenidade encerrada com lanche e show da cantora Maxylene Cruz em frente da nova escola da Prosperidade.<\/p>\n<p>&nbsp;<\/p>\n<p>&nbsp;<\/p>\n<p>&nbsp;<\/p>\n<p><strong>Fonte: Secom PMP<\/strong><\/p>\n<p>&nbsp;<\/p>\n<p><a href=\"http:\/\/www.oparanews.com.br\/wp-content\/uploads\/2023\/04\/escola-sao-joao-batista-semed-penedo-50.jpg\"><img loading=\"lazy\" decoding=\"async\" class=\"alignleft size-medium wp-image-27920\" src=\"http:\/\/www.oparanews.com.br\/wp-content\/uploads\/2023\/04\/escola-sao-joao-batista-semed-penedo-50-300x200.jpg\" alt=\"\" width=\"300\" height=\"200\" srcset=\"https:\/\/www.oparanews.com.br\/wp-content\/uploads\/2023\/04\/escola-sao-joao-batista-semed-penedo-50-300x200.jpg 300w, https:\/\/www.oparanews.com.br\/wp-content\/uploads\/2023\/04\/escola-sao-joao-batista-semed-penedo-50-1024x682.jpg 1024w, https:\/\/www.oparanews.com.br\/wp-content\/uploads\/2023\/04\/escola-sao-joao-batista-semed-penedo-50-768x512.jpg 768w, https:\/\/www.oparanews.com.br\/wp-content\/uploads\/2023\/04\/escola-sao-joao-batista-semed-penedo-50.jpg 1280w\" sizes=\"auto, (max-width: 300px) 100vw, 300px\" \/><\/a><\/p>\n<p><a href=\"http:\/\/www.oparanews.com.br\/wp-content\/uploads\/2023\/04\/escola-sao-joao-batista-semed-penedo-2.jpg\"><img loading=\"lazy\" decoding=\"async\" class=\"alignleft size-medium wp-image-27919\" src=\"http:\/\/www.oparanews.com.br\/wp-content\/uploads\/2023\/04\/escola-sao-joao-batista-semed-penedo-2-300x200.jpg\" alt=\"\" width=\"300\" height=\"200\" srcset=\"https:\/\/www.oparanews.com.br\/wp-content\/uploads\/2023\/04\/escola-sao-joao-batista-semed-penedo-2-300x200.jpg 300w, https:\/\/www.oparanews.com.br\/wp-content\/uploads\/2023\/04\/escola-sao-joao-batista-semed-penedo-2-1024x682.jpg 1024w, https:\/\/www.oparanews.com.br\/wp-content\/uploads\/2023\/04\/escola-sao-joao-batista-semed-penedo-2-768x512.jpg 768w, https:\/\/www.oparanews.com.br\/wp-content\/uploads\/2023\/04\/escola-sao-joao-batista-semed-penedo-2.jpg 1280w\" sizes=\"auto, (max-width: 300px) 100vw, 300px\" \/><\/a><a href=\"http:\/\/www.oparanews.com.br\/wp-content\/uploads\/2023\/04\/escola-sao-joao-batista-semed-penedo-1-1068x712-1.jpg\"><img loading=\"lazy\" decoding=\"async\" class=\"alignleft size-medium wp-image-27918\" src=\"http:\/\/www.oparanews.com.br\/wp-content\/uploads\/2023\/04\/escola-sao-joao-batista-semed-penedo-1-1068x712-1-300x200.jpg\" alt=\"\" width=\"300\" height=\"200\" srcset=\"https:\/\/www.oparanews.com.br\/wp-content\/uploads\/2023\/04\/escola-sao-joao-batista-semed-penedo-1-1068x712-1-300x200.jpg 300w, https:\/\/www.oparanews.com.br\/wp-content\/uploads\/2023\/04\/escola-sao-joao-batista-semed-penedo-1-1068x712-1-1024x683.jpg 1024w, https:\/\/www.oparanews.com.br\/wp-content\/uploads\/2023\/04\/escola-sao-joao-batista-semed-penedo-1-1068x712-1-768x512.jpg 768w, https:\/\/www.oparanews.com.br\/wp-content\/uploads\/2023\/04\/escola-sao-joao-batista-semed-penedo-1-1068x712-1.jpg 1068w\" sizes=\"auto, (max-width: 300px) 100vw, 300px\" \/><\/a><\/p>\n<p>&nbsp;<\/p>\n<p>&nbsp;<\/p>\n","protected":false},"excerpt":{"rendered":"<p>Fam\u00edlias do povoado Prosperidade e comunidades pr\u00f3ximas comemoram a realiza\u00e7\u00e3o de um sonho: os moradores da \u00e1rea rural de Penedo agora t\u00eam uma escola digna, equipada e estruturada, gra\u00e7as ao investimento em educa\u00e7\u00e3o do governo Ronaldo Lopes\/Jo\u00e3o Lucas. &nbsp; A nova Escola Municipal de Educa\u00e7\u00e3o B\u00e1sica S\u00e3o Jo\u00e3o Batista n\u00e3o lembra, nem de longe, como &hellip;<\/p>\n","protected":false},"author":2,"featured_media":27921,"comment_status":"open","ping_status":"open","sticky":false,"template":"","format":"standard","meta":{"_jetpack_memberships_contains_paid_content":false,"footnotes":""},"categories":[1,3],"tags":[],"class_list":["post-27917","post","type-post","status-publish","format-standard","has-post-thumbnail","hentry","category-destaque","category-penedo"],"jetpack_featured_media_url":"https:\/\/www.oparanews.com.br\/wp-content\/uploads\/2023\/04\/escola-sao-joao-batista-semed-penedo-53.jpg","jetpack_sharing_enabled":true,"_links":{"self":[{"href":"https:\/\/www.oparanews.com.br\/index.php\/wp-json\/wp\/v2\/posts\/27917","targetHints":{"allow":["GET"]}}],"collection":[{"href":"https:\/\/www.oparanews.com.br\/index.php\/wp-json\/wp\/v2\/posts"}],"about":[{"href":"https:\/\/www.oparanews.com.br\/index.php\/wp-json\/wp\/v2\/types\/post"}],"author":[{"embeddable":true,"href":"https:\/\/www.oparanews.com.br\/index.php\/wp-json\/wp\/v2\/users\/2"}],"replies":[{"embeddable":true,"href":"https:\/\/www.oparanews.com.br\/index.php\/wp-json\/wp\/v2\/comments?post=27917"}],"version-history":[{"count":1,"href":"https:\/\/www.oparanews.com.br\/index.php\/wp-json\/wp\/v2\/posts\/27917\/revisions"}],"predecessor-version":[{"id":27922,"href":"https:\/\/www.oparanews.com.br\/index.php\/wp-json\/wp\/v2\/posts\/27917\/revisions\/27922"}],"wp:featuredmedia":[{"embeddable":true,"href":"https:\/\/www.oparanews.com.br\/index.php\/wp-json\/wp\/v2\/media\/27921"}],"wp:attachment":[{"href":"https:\/\/www.oparanews.com.br\/index.php\/wp-json\/wp\/v2\/media?parent=27917"}],"wp:term":[{"taxonomy":"category","embeddable":true,"href":"https:\/\/www.oparanews.com.br\/index.php\/wp-json\/wp\/v2\/categories?post=27917"},{"taxonomy":"post_tag","embeddable":true,"href":"https:\/\/www.oparanews.com.br\/index.php\/wp-json\/wp\/v2\/tags?post=27917"}],"curies":[{"name":"wp","href":"https:\/\/api.w.org\/{rel}","templated":true}]}}