{"id":27953,"date":"2023-04-25T22:11:02","date_gmt":"2023-04-26T01:11:02","guid":{"rendered":"https:\/\/www.oparanews.com.br\/?p=27953"},"modified":"2023-04-25T22:11:02","modified_gmt":"2023-04-26T01:11:02","slug":"zeca-baleiro-e-atracao-artistica-nacional-da-flipenedo-2023","status":"publish","type":"post","link":"https:\/\/www.oparanews.com.br\/index.php\/2023\/04\/25\/zeca-baleiro-e-atracao-artistica-nacional-da-flipenedo-2023\/","title":{"rendered":"Zeca Baleiro \u00e9 atra\u00e7\u00e3o art\u00edstica nacional da FliPenedo 2023"},"content":{"rendered":"<p>A edi\u00e7\u00e3o 2023 da Festa Liter\u00e1ria de Penedo (FliPenedo) traz para a cidade ber\u00e7o da cultura alagoana o m\u00fasico Zeca Baleiro, artista que se apresenta na noite de s\u00e1bado, 06 de maio.<\/p>\n<p>&nbsp;<\/p>\n<p>O show aberto ao p\u00fablico acontece no palco que ser\u00e1 instalado no Largo S\u00e3o Gon\u00e7alo, Centro Hist\u00f3rico, mesmo local da apresenta\u00e7\u00e3o de artistas alagoanos, entre eles J\u00fanior Almeida, Wado, MC Tribo, Rog\u00e9rio Dias e banda Poesia Musicada no Pandeiro.<\/p>\n<p>&nbsp;<\/p>\n<p>A FliPenedo 2023 come\u00e7a no dia 03 de maio, com feira de livros e exposi\u00e7\u00e3o na Tenda Liter\u00e1ria no cal\u00e7ad\u00e3o do Largo S\u00e3o Gon\u00e7alo, destacando o legado dos alagoanos Jorge de Lima, 130 anos de nascimento do poeta, e do historiador, poeta e compositor penedense Ernani M\u00e9ro.<\/p>\n<p>&nbsp;<\/p>\n<p>A programa\u00e7\u00e3o que destaca os autores alagoanos Jorge de Lima e Ernani M\u00e9ro tamb\u00e9m acontece no Centro de Conven\u00e7\u00f5es e Eventos Comendador Zeca Peixoto, Theatro Sete de Setembro, Casa de Aposentadoria e audit\u00f3rio da Faculdade Raimundo Marinho.<\/p>\n<p>&nbsp;<\/p>\n<p>A Festa Liter\u00e1ria de Penedo foi criada no governo Ronaldo Lopes\/Jo\u00e3o Lucas para incentivar o gosto pela literatura, evento inserido no calend\u00e1rio anual da Secretaria Municipal de Cultura, Lazer e Juventude (SEMCLEJ), com acesso gratuito em todas as atividades.<\/p>\n<p>&nbsp;<\/p>\n<p>Tem muita conta\u00e7\u00e3o de hist\u00f3ria, oficina de escrita criativa, palestra, recital, mesa de debates, espet\u00e1culo teatral, show musical, apresenta\u00e7\u00e3o de grupos da cultura popular e lan\u00e7amento de livros.<\/p>\n<p>&nbsp;<\/p>\n<p>E quem quiser apresentar sua obra liter\u00e1ria, deve entrar em contato at\u00e9 o dia 02 de maio, pelo e-mail semclej@penedo.algov.br<\/p>\n<p>&nbsp;<\/p>\n<p>A novidade este ano da FliPenedo \u00e9 a descentraliza\u00e7\u00e3o das a\u00e7\u00f5es, com atividades agendadas para o Centro Juvenil Maria Auxiliadora, institui\u00e7\u00e3o de assist\u00eancia social que funciona na parte alta da cidade, na Vila Matias.<\/p>\n<p>&nbsp;<\/p>\n<p>Confira a programa\u00e7\u00e3o completa da Festa Liter\u00e1ria de Penedo 2023.<\/p>\n<p>&nbsp;<\/p>\n<p><strong>Quarta-Feira, 03 de Maio<\/strong><\/p>\n<p>&nbsp;<\/p>\n<p>Tenda Liter\u00e1ria \u2013 Feira de Livros e Exposi\u00e7\u00e3o do painel da linha do tempo da vida e obra de Jorge de Lima, a partir das 8 horas, no Largo S\u00e3o Gon\u00e7alo<br \/>\nConta\u00e7\u00e3o de hist\u00f3rias \u2013 Fatima Maia no Centro de Conven\u00e7\u00f5es (08h, 9h30, 15h30)<br \/>\nApresenta\u00e7\u00e3o Cultural Popular no Centro de Conven\u00e7\u00f5es (09 horas e 15 horas)<br \/>\nInclus\u00e3o Social a partir da Conta\u00e7\u00e3o de Hist\u00f3rias \u2013 Vera Leide Nazar\u00e9, no Centro Juvenil Maria Auxiliadora\/Vila Matias, \u00e0s 10 horas<br \/>\nMesa \u201cOralituras\u201d \u2013 Arriete Vilela, Vit\u00f3ria Rodrigues, Linete Matias e media\u00e7\u00e3o de Marta Eug\u00eania Oliveira, no Theatro Sete de Setembro, \u00e0s 14 horas<br \/>\nMesa \u201cJorge de Lima e as Alagoas Profunda\u201d, com Prof. Dr. Edson Bezerra, Prof PhD Marcos Vasconcelos e media\u00e7\u00e3o de Paulo Poeta, no Theatro Sete de Setembro, \u00e0s 15h<br \/>\nMesa \u201cQual \u00e9 o papel das Academias e Associa\u00e7\u00f5es de Letras de Alagoas\u201d, com Rostand Lanverly (AAL), Moezio de Vasconcelos (APLACC) e Maria das Gra\u00e7as Santos (APEP) e media\u00e7\u00e3o de Carlito Lima, no Theatro Sete de Setembro, a partir das 16 horas<br \/>\nAbertura Oficial da FliPenedo 2023 no Theatro Sete de Setembro, \u00e0s 18 horas<br \/>\nPalestra \u201cErnani M\u00e9ro \u2013 Hist\u00f3rias de Penedo, Vis\u00e3o do Mundo\u201d, por Ricardo M\u00e9ro, no Theatro Sete de Setembro, \u00e0s 19 horas<br \/>\nShow Musical de Vitoria Rodrigues, poetisa alagoana da cultura popular, com proje\u00e7\u00e3o nacional, no palco do Largo de S\u00e3o Gon\u00e7alo, a partir das 21 horas<\/p>\n<p>&nbsp;<\/p>\n<p><strong>Quinta-feira, 04 de Maio<\/strong><\/p>\n<p>&nbsp;<\/p>\n<p>Tenda Liter\u00e1ria com Feira de Livros e Exposi\u00e7\u00e3o do painel da linha do tempo da vida e obra de Jorge de Lima, a partir das 8 horas, no Largo S\u00e3o Gon\u00e7alo<br \/>\nConta\u00e7\u00e3o de hist\u00f3rias \u2013 Companhia Literando, no Centro de Conven\u00e7\u00f5es (08h e 14h)<br \/>\nApresenta\u00e7\u00e3o Cultural Popular no Centro de Conven\u00e7\u00f5es (9 horas e 15 horas)<br \/>\nConta\u00e7\u00e3o de hist\u00f3rias \u2013 Flora e Alecrim, no Centro de Conven\u00e7\u00f5es (9h30 e 15h30)<br \/>\nMesa \u201cDiversidade e Produ\u00e7\u00e3o Liter\u00e1ria\u201d, com \u00cdris Florescer, Jos\u00e9 Carlos Hon\u00f3rio e media\u00e7\u00e3o Ana Claudia Aymor\u00e9 no Theatro Sete de Setembro, \u00e0s 10 horas.<br \/>\nOficina de Escrita Criativa\/Poesia \u2013 Monitor Lu\u00eds Pimentel no audit\u00f3rio da Casa de Aposentadoria, das 10h \u00e0s 12 horas. Inscri\u00e7\u00e3o no local para 15 vagas.<br \/>\nMesa \u201c130 anos de Jorge de Lima\u201d, com Milton Rosendo, Niraldo Farias e media\u00e7\u00e3o de Jos\u00e9 In\u00e1cio, no Theatro Sete de Setembro, a partir das 14 horas.<br \/>\nMesa \u201cHist\u00f3ria Regional\u201d, com Luana Teixeira, M\u00f4nica Carvalho e media\u00e7\u00e3o de Maur\u00edcio Melo J\u00fanior, no Theatro Sete de Setembro, \u00e0s 15 horas.<br \/>\nMesa \u201cHist\u00f3ria, Outras Formas de Contar\u201d, com Jean Lenzi, M\u00e1rio H\u00e9lio e media\u00e7\u00e3o de Maur\u00edcio Melo J\u00fanior, no Theatro Sete de Setembro, a partir das 16 horas<br \/>\nMesa \u201cComposi\u00e7\u00e3o Musical e Poesia\u201d, com Wado, Rog\u00e9rio Dias, MC Tribo e media\u00e7\u00e3o do Professor Marcos Moreira, no Theatro Sete de Setembro, \u00e0s 17 horas<br \/>\nMesa \u201cGest\u00e3o Cultural e Festas Liter\u00e1rias\u201d, com Teresa Machado, Marta Eug\u00eania e media\u00e7\u00e3o de Marcos Melo J\u00fanior no Theatro Sete de Setembro, \u00e0s 18h30<br \/>\nApresenta\u00e7\u00e3o Teatral \u201cMaria Quit\u00e9ria\u201d, seguida de debate sobre a hero\u00edna baiana com respons\u00e1veis pelo espet\u00e1culo no Centro de Conven\u00e7\u00f5es, \u00e0s 19 horas<br \/>\nShow Musical com Rog\u00e9rio Dias e Banda Poesia Musicada no Pandeiro, MC Tribo e Wado no palco do Largo de S\u00e3o Gon\u00e7alo, \u00e0s 21 horas<\/p>\n<p>&nbsp;<\/p>\n<p><strong>Sexta-feira, 05 de Maio<\/strong><\/p>\n<p>&nbsp;<\/p>\n<p>Tenda Liter\u00e1ria com Feira de Livros e Exposi\u00e7\u00e3o do painel da linha do tempo da vida e obra de Jorge de Lima, a partir das 8 horas, no Largo S\u00e3o Gon\u00e7alo<br \/>\nCh\u00e1 Liter\u00e1rio \u201cTricotando: Fios que Atravessam o Tempo\u201d com Ana Neila Torquato, Hozana Costa e Rose Costa, no Theatro Sete de Setembro, \u00e0s 8 horas<br \/>\nGuerreiro Treme Terra\/Mestre Chica no Theatro Sete de Setembro, \u00e0s 9 horas<br \/>\nTeatro \u2013 Chico de Assis conta Jorge de Lima e a Inven\u00e7\u00e3o da Poesia, no Centro de Conven\u00e7\u00f5es (8 horas, 9h30 e 15h30)<br \/>\nLan\u00e7amento de Livros no Theatro Sete de Setembro \u00e0s 09 e 11 horas<br \/>\nOficina de Escrita Criativa\/Cr\u00f4nicas \u2013 Monitor Maur\u00edcio Melo J\u00fanior, na Casa de Aposentadoria, das 10h \u00e0s 12 horas, inscri\u00e7\u00e3o no local para 15 vagas.<br \/>\nMesa \u201cComposi\u00e7\u00e3o e Poesia\u201d, com J\u00fanior Almeida, Fernando Fiuza, All\u00ea o Santo e Elaine Kundera, com media\u00e7\u00e3o do Maestro Luiz Martins, no Theatro Sete de Setembro, a partir das 14 horas.<br \/>\nApresenta\u00e7\u00e3o da pe\u00e7a teatral \u201cMaria Qui\u00e9ria\u201d no Centro Juvenil Maria Auxiliadora\/Vila Matias, \u00e0s 14 horas, seguida de debate com respons\u00e1veis pela produ\u00e7\u00e3o do espet\u00e1culo<br \/>\nApresenta\u00e7\u00e3o Cultural Popular no Centro de Conven\u00e7\u00f5es (15 horas)<br \/>\nMesa \u201cNovas Formas de Editora\u00e7\u00e3o\u201d, com Patrycia Monteiro, Eduardo Lacerda, Jos\u00e9 Carlos Hon\u00f3rio e media\u00e7\u00e3o de Gustavo Fel\u00edssimo, no Theatro Sete de Setembro, \u00e0s 16 horas.<br \/>\nMesa \u201cAfrografias\u201d, com a Professora Dra. Daniela Beny, Professor. Ms. Jeamerson Nascimento, Prof. Ms. Jadiel Ferreira e media\u00e7\u00e3o do Prof. Dr. Anderson Almeida, no Theatro Sete de Setembro, \u00e0s 17 horas.<br \/>\nPalestra \u201cJorge Lima, o artista pl\u00e1stico\u201d, com o jornalista e cartunista \u00canio Lins, no Theatro Sete de Setembro, \u00e0s 18 horas<br \/>\nConcerto com duo Maestro Luiz Martins e Selma Britto no Theatro Sete de Setembro, \u00e0s 19 horas<br \/>\nMesa \u201cCinema e Literatura\u201d, com Chico de Assis, Ninho Moraes e medi\u00e7\u00e3o de S\u00e9rgio Onofre, coordenador do Circuito Penedo de Cinema, no audit\u00f3rio da Faculdade Raimundo Marinho, \u00e0s 19 horas<br \/>\nRecital de Poesia no palco do Largo de S\u00e3o Gon\u00e7alo, \u00e0s 20 horas<br \/>\nShow Musical \u2013 J\u00fanior Almeida no palco do Largo de S\u00e3o Gon\u00e7alo, \u00e0s 21 horas<\/p>\n<p>&nbsp;<\/p>\n<p><strong>S\u00e1bado, 06 de Maio<\/strong><\/p>\n<p>&nbsp;<\/p>\n<p>Tenda Liter\u00e1ria com Feira de Livros e Exposi\u00e7\u00e3o do painel da linha do tempo da vida e obra de Jorge de Lima, no Largo S\u00e3o Gon\u00e7alo<br \/>\nMesa \u201cConversa com Zeca Baleiro\u201d, no Centro de Conven\u00e7\u00f5es, \u00e0s 15 horas<br \/>\nApresenta\u00e7\u00e3o Cultural Popular no Centro de Conven\u00e7\u00f5es, \u00e0s 18 horas<br \/>\nCerim\u00f4nia de encerramento no Theatro Sete de Setembro, \u00e0s 19 horas<br \/>\nSarau Liter\u00e1rio no Palco Cultural do Largo de S\u00e3o Gon\u00e7alo \u00e0s 20 horas<br \/>\nShow Musical com Zeca Baleiro no Palco Cultural do Largo de S\u00e3o Gon\u00e7alo, \u00e0s 21 horas<\/p>\n<p>&nbsp;<\/p>\n<p><a href=\"https:\/\/penedo.al.gov.br\/wp-content\/uploads\/2023\/04\/FESTA-LITERARIA-DE-PENEDO-2023-PROGRAMACAO.pdf\"><strong>FESTA LITER\u00c1RIA DE PENEDO 2023 \u2013 PROGRAMA\u00c7\u00c3O<\/strong><\/a><\/p>\n<p>&nbsp;<\/p>\n<p>&nbsp;<\/p>\n<p>&nbsp;<\/p>\n<p><strong>Fonte: Secom\/PMP<\/strong><\/p>\n<p>&nbsp;<\/p>\n","protected":false},"excerpt":{"rendered":"<p>A edi\u00e7\u00e3o 2023 da Festa Liter\u00e1ria de Penedo (FliPenedo) traz para a cidade ber\u00e7o da cultura alagoana o m\u00fasico Zeca Baleiro, artista que se apresenta na noite de s\u00e1bado, 06 de maio. &nbsp; O show aberto ao p\u00fablico acontece no palco que ser\u00e1 instalado no Largo S\u00e3o Gon\u00e7alo, Centro Hist\u00f3rico, mesmo local da apresenta\u00e7\u00e3o de &hellip;<\/p>\n","protected":false},"author":2,"featured_media":27954,"comment_status":"open","ping_status":"open","sticky":false,"template":"","format":"standard","meta":{"_jetpack_memberships_contains_paid_content":false,"footnotes":""},"categories":[1,3],"tags":[],"class_list":["post-27953","post","type-post","status-publish","format-standard","has-post-thumbnail","hentry","category-destaque","category-penedo"],"jetpack_featured_media_url":"https:\/\/www.oparanews.com.br\/wp-content\/uploads\/2023\/04\/cardflipenedo2023.jpg","jetpack_sharing_enabled":true,"_links":{"self":[{"href":"https:\/\/www.oparanews.com.br\/index.php\/wp-json\/wp\/v2\/posts\/27953","targetHints":{"allow":["GET"]}}],"collection":[{"href":"https:\/\/www.oparanews.com.br\/index.php\/wp-json\/wp\/v2\/posts"}],"about":[{"href":"https:\/\/www.oparanews.com.br\/index.php\/wp-json\/wp\/v2\/types\/post"}],"author":[{"embeddable":true,"href":"https:\/\/www.oparanews.com.br\/index.php\/wp-json\/wp\/v2\/users\/2"}],"replies":[{"embeddable":true,"href":"https:\/\/www.oparanews.com.br\/index.php\/wp-json\/wp\/v2\/comments?post=27953"}],"version-history":[{"count":1,"href":"https:\/\/www.oparanews.com.br\/index.php\/wp-json\/wp\/v2\/posts\/27953\/revisions"}],"predecessor-version":[{"id":27955,"href":"https:\/\/www.oparanews.com.br\/index.php\/wp-json\/wp\/v2\/posts\/27953\/revisions\/27955"}],"wp:featuredmedia":[{"embeddable":true,"href":"https:\/\/www.oparanews.com.br\/index.php\/wp-json\/wp\/v2\/media\/27954"}],"wp:attachment":[{"href":"https:\/\/www.oparanews.com.br\/index.php\/wp-json\/wp\/v2\/media?parent=27953"}],"wp:term":[{"taxonomy":"category","embeddable":true,"href":"https:\/\/www.oparanews.com.br\/index.php\/wp-json\/wp\/v2\/categories?post=27953"},{"taxonomy":"post_tag","embeddable":true,"href":"https:\/\/www.oparanews.com.br\/index.php\/wp-json\/wp\/v2\/tags?post=27953"}],"curies":[{"name":"wp","href":"https:\/\/api.w.org\/{rel}","templated":true}]}}