{"id":27960,"date":"2023-04-27T23:03:02","date_gmt":"2023-04-28T02:03:02","guid":{"rendered":"https:\/\/www.oparanews.com.br\/?p=27960"},"modified":"2023-04-27T23:03:02","modified_gmt":"2023-04-28T02:03:02","slug":"prefeitura-e-senac-abrem-mais-dois-cursos-gratuitos-em-penedo-operador-de-computador-e-assistente-administrativo","status":"publish","type":"post","link":"https:\/\/www.oparanews.com.br\/index.php\/2023\/04\/27\/prefeitura-e-senac-abrem-mais-dois-cursos-gratuitos-em-penedo-operador-de-computador-e-assistente-administrativo\/","title":{"rendered":"Prefeitura e Senac abrem mais dois cursos gratuitos em Penedo: Operador de Computador e Assistente Administrativo"},"content":{"rendered":"<p>A Prefeitura de Penedo e o Senac abrem mais dois cursos profissionalizantes de curta dura\u00e7\u00e3o, ambos sem custo para os inscritos e abertos para quem j\u00e1 completou 15 anos e tem o ensino fundamental completo.<\/p>\n<p>&nbsp;<\/p>\n<p>A oportunidade de se tornar Assistente Administrativo ou Operador de Computador come\u00e7a em 15 de mar\u00e7o. O curso de Assistente Administrativo ser\u00e1 conclu\u00eddo em 11 de julho, com aulas de segunda \u00e0 sexta na sede da Biblioteca da Sociedade de Cultura e Arte Popular de Penedo, localizada ao lado da ag\u00eancia dos Correios, no per\u00edodo da tarde, das 13h \u00e0s 17h.<\/p>\n<p>&nbsp;<\/p>\n<p>O assistente administrativo atua nas \u00e1reas de gest\u00e3o, log\u00edstica, marketing e atividades relacionadas. J\u00e1 o operador de computador \u00e9 qualificado para trabalhar com inform\u00e1tica, do b\u00e1sico ao avan\u00e7ado; instalando, configurando e operando sistemas operacionais \u2013 principalmente Windows \u2013 incluindo pacote Office e no\u00e7\u00f5es de manuten\u00e7\u00e3o de computador.<\/p>\n<p>&nbsp;<\/p>\n<p>O curso de Operador de Computador ser\u00e1 ofertado nos per\u00edodos matutino e vespertino, com aulas at\u00e9 29 de julho, na carreta do Senac que estar\u00e1 situada na Pra\u00e7a de Santa Luzia.<\/p>\n<p>&nbsp;<\/p>\n<p>As inscri\u00e7\u00f5es podem ser feitas no Escrit\u00f3rio da Escola de Governo, instalado na Biblioteca da Sociedade de Cultura e Arte Popular de Penedo, at\u00e9 dia 28 de maio. Depois desta data, o local das inscri\u00e7\u00f5es passa a funcionar no Centro de Inclus\u00e3o Digital da Pra\u00e7a Santa Luzia, at\u00e9 12 de maio, no hor\u00e1rio entre 8h e 13 horas.<\/p>\n<p>&nbsp;<\/p>\n<p>Os documentos necess\u00e1rios para a inscri\u00e7\u00e3o s\u00e3o fotoc\u00f3pia do RG (carteira de identidade), do CPF e do comprovante de resid\u00eancia. Sobre a escolaridade, se for declara\u00e7\u00e3o, precisa apresentar a original e v\u00e1lida at\u00e9 30 dias ap\u00f3s a data da emiss\u00e3o. Para hist\u00f3rico escolar, basta apresentar fotoc\u00f3pia.<\/p>\n<p>&nbsp;<\/p>\n<p>Quem for menor de 18 anos preciso se inscrever acompanhado do pai ou respons\u00e1vel, adulto portando fotoc\u00f3pia do RG e do CPF (xerox). Al\u00e9m disso, \u00e9 preciso assinar termos e declara\u00e7\u00f5es.<\/p>\n<p>&nbsp;<\/p>\n<p>&nbsp;<\/p>\n<p>&nbsp;<\/p>\n<p><strong>Fonte: Secom PMP<\/strong><\/p>\n<p>&nbsp;<\/p>\n","protected":false},"excerpt":{"rendered":"<p>A Prefeitura de Penedo e o Senac abrem mais dois cursos profissionalizantes de curta dura\u00e7\u00e3o, ambos sem custo para os inscritos e abertos para quem j\u00e1 completou 15 anos e tem o ensino fundamental completo. &nbsp; A oportunidade de se tornar Assistente Administrativo ou Operador de Computador come\u00e7a em 15 de mar\u00e7o. O curso de &hellip;<\/p>\n","protected":false},"author":2,"featured_media":27961,"comment_status":"open","ping_status":"open","sticky":false,"template":"","format":"standard","meta":{"_jetpack_memberships_contains_paid_content":false,"footnotes":""},"categories":[1,3],"tags":[],"class_list":["post-27960","post","type-post","status-publish","format-standard","has-post-thumbnail","hentry","category-destaque","category-penedo"],"jetpack_featured_media_url":"https:\/\/www.oparanews.com.br\/wp-content\/uploads\/2023\/04\/curso-sedecin-senac-penedo.jpg","jetpack_sharing_enabled":true,"_links":{"self":[{"href":"https:\/\/www.oparanews.com.br\/index.php\/wp-json\/wp\/v2\/posts\/27960","targetHints":{"allow":["GET"]}}],"collection":[{"href":"https:\/\/www.oparanews.com.br\/index.php\/wp-json\/wp\/v2\/posts"}],"about":[{"href":"https:\/\/www.oparanews.com.br\/index.php\/wp-json\/wp\/v2\/types\/post"}],"author":[{"embeddable":true,"href":"https:\/\/www.oparanews.com.br\/index.php\/wp-json\/wp\/v2\/users\/2"}],"replies":[{"embeddable":true,"href":"https:\/\/www.oparanews.com.br\/index.php\/wp-json\/wp\/v2\/comments?post=27960"}],"version-history":[{"count":1,"href":"https:\/\/www.oparanews.com.br\/index.php\/wp-json\/wp\/v2\/posts\/27960\/revisions"}],"predecessor-version":[{"id":27962,"href":"https:\/\/www.oparanews.com.br\/index.php\/wp-json\/wp\/v2\/posts\/27960\/revisions\/27962"}],"wp:featuredmedia":[{"embeddable":true,"href":"https:\/\/www.oparanews.com.br\/index.php\/wp-json\/wp\/v2\/media\/27961"}],"wp:attachment":[{"href":"https:\/\/www.oparanews.com.br\/index.php\/wp-json\/wp\/v2\/media?parent=27960"}],"wp:term":[{"taxonomy":"category","embeddable":true,"href":"https:\/\/www.oparanews.com.br\/index.php\/wp-json\/wp\/v2\/categories?post=27960"},{"taxonomy":"post_tag","embeddable":true,"href":"https:\/\/www.oparanews.com.br\/index.php\/wp-json\/wp\/v2\/tags?post=27960"}],"curies":[{"name":"wp","href":"https:\/\/api.w.org\/{rel}","templated":true}]}}