{"id":27976,"date":"2023-04-30T23:36:57","date_gmt":"2023-05-01T02:36:57","guid":{"rendered":"https:\/\/www.oparanews.com.br\/?p=27976"},"modified":"2023-04-30T23:37:20","modified_gmt":"2023-05-01T02:37:20","slug":"festival-das-aguas-em-penedo-homenageia-seu-toinho-pescador","status":"publish","type":"post","link":"https:\/\/www.oparanews.com.br\/index.php\/2023\/04\/30\/festival-das-aguas-em-penedo-homenageia-seu-toinho-pescador\/","title":{"rendered":"Festival das \u00c1guas em Penedo homenageia \u2018seu\u2019 Toinho Pescador"},"content":{"rendered":"<p>Narrar \u00e9 Resistir. O tema escolhido para a edi\u00e7\u00e3o 2023 do Festival das \u00c1guas tem tudo a ver com Toinho Pescador, l\u00edder comunit\u00e1rio, ativista e poeta ribeirinho homenageado no evento realizado pela Prefeitura de Penedo.<\/p>\n<p>&nbsp;<\/p>\n<p>Ant\u00f4nio Gomes dos Santos faleceu em 24 de novembro do ano passado e foi representado por familiares no Festival das \u00c1guas organizado pela Secretaria Municipal de Assist\u00eancia Social e Direitos Humanos (SEMASDH), por meio do CRAS do bairro Santo Ant\u00f4nio.<\/p>\n<p>&nbsp;<\/p>\n<p>Na comunidade onde \u2018seu\u2019 Toinho Pescador nasceu e viveu por 90 anos, a neta Cinthia Cristina Santos Fontes falou em nome da fam\u00edlia do inesquec\u00edvel defensor do rio S\u00e3o Francisco.<\/p>\n<p>&nbsp;<\/p>\n<p>Al\u00e9m de agradecer a homenagem, ela ressaltou que a maior alegria do seu av\u00f4 era ver que as crian\u00e7as preservavam o rio e ir \u00e0 procura dele para \u201csaber um pouco mais sobre as hist\u00f3rias do rio, do bairro e dessa cidade t\u00e3o importante para o patrim\u00f4nio nacional\u201d, disse a assistente social que come\u00e7ou a aprender a ler e escrever com o av\u00f4 \u2013 e mais importante, a \u201cler a vida\u201d, ressalta Cinthia -, acrescentando em seu depoimento a import\u00e2ncia de Luzinete Santos, sua av\u00f3 e companheira do \u2018seu\u2019 Toinho.<\/p>\n<p>&nbsp;<\/p>\n<p>O legado do ativista tamb\u00e9m foi destacado por S\u00e2mila Aguiar, psic\u00f3loga da SEMASDH que fez a pesquisa sobre a hist\u00f3ria de vida de \u2018seu\u2019 Toinho Pescador. J\u00e1 Mariane Rocha, turism\u00f3loga e mestranda em Cultura Popular, destacou a rela\u00e7\u00e3o insepar\u00e1vel entre as narrativas orais e escritas do homenageado com a hist\u00f3ria do Barro Vermelho, processo que fortalece a identidade da comunidade ribeirinha.<\/p>\n<p>&nbsp;<\/p>\n<p>O Festival das \u00c1guas tamb\u00e9m foi prestigiado pelas Secret\u00e1rias Municipais Ana Teresa Lopes (SEMASDH) e Teresa Machado (Cultura), representando o prefeito Ronaldo Lopes no evento realizado na nova orla do primeiro bairro de Penedo na tarde de quinta-feira, 27.<\/p>\n<p>&nbsp;<\/p>\n<p>Ana Teresa entregou uma placa aos familiares de \u2018seu\u2019 Toinho Pescador e parabenizou os moradores pela participa\u00e7\u00e3o no festival que tamb\u00e9m trouxe estudantes da Escola Douglas Apratto Ten\u00f3rio, localizada no Barro Vermelho e a primeira da Prefeitura de Penedo com ensino em tempo integral.<\/p>\n<p>&nbsp;<\/p>\n<p>A programa\u00e7\u00e3o do Festival das \u00c1guas 2023 teve ainda a participa\u00e7\u00e3o da humorista Podderosa, muitas brincadeiras, dan\u00e7a com educador f\u00edsico do CRAS ribeirinho e lanche.<\/p>\n<p>&nbsp;<\/p>\n<p>&nbsp;<\/p>\n<p>&nbsp;<\/p>\n<p><strong>Fonte: Secom PMP<\/strong><\/p>\n<p>&nbsp;<\/p>\n","protected":false},"excerpt":{"rendered":"<p>Narrar \u00e9 Resistir. O tema escolhido para a edi\u00e7\u00e3o 2023 do Festival das \u00c1guas tem tudo a ver com Toinho Pescador, l\u00edder comunit\u00e1rio, ativista e poeta ribeirinho homenageado no evento realizado pela Prefeitura de Penedo. &nbsp; Ant\u00f4nio Gomes dos Santos faleceu em 24 de novembro do ano passado e foi representado por familiares no Festival &hellip;<\/p>\n","protected":false},"author":2,"featured_media":27977,"comment_status":"open","ping_status":"open","sticky":false,"template":"","format":"standard","meta":{"_jetpack_memberships_contains_paid_content":false,"footnotes":""},"categories":[1,3],"tags":[],"class_list":["post-27976","post","type-post","status-publish","format-standard","has-post-thumbnail","hentry","category-destaque","category-penedo"],"jetpack_featured_media_url":"https:\/\/www.oparanews.com.br\/wp-content\/uploads\/2023\/04\/festival-das-aguas-semasdh-penedo-2023.jpg","jetpack_sharing_enabled":true,"_links":{"self":[{"href":"https:\/\/www.oparanews.com.br\/index.php\/wp-json\/wp\/v2\/posts\/27976","targetHints":{"allow":["GET"]}}],"collection":[{"href":"https:\/\/www.oparanews.com.br\/index.php\/wp-json\/wp\/v2\/posts"}],"about":[{"href":"https:\/\/www.oparanews.com.br\/index.php\/wp-json\/wp\/v2\/types\/post"}],"author":[{"embeddable":true,"href":"https:\/\/www.oparanews.com.br\/index.php\/wp-json\/wp\/v2\/users\/2"}],"replies":[{"embeddable":true,"href":"https:\/\/www.oparanews.com.br\/index.php\/wp-json\/wp\/v2\/comments?post=27976"}],"version-history":[{"count":2,"href":"https:\/\/www.oparanews.com.br\/index.php\/wp-json\/wp\/v2\/posts\/27976\/revisions"}],"predecessor-version":[{"id":27979,"href":"https:\/\/www.oparanews.com.br\/index.php\/wp-json\/wp\/v2\/posts\/27976\/revisions\/27979"}],"wp:featuredmedia":[{"embeddable":true,"href":"https:\/\/www.oparanews.com.br\/index.php\/wp-json\/wp\/v2\/media\/27977"}],"wp:attachment":[{"href":"https:\/\/www.oparanews.com.br\/index.php\/wp-json\/wp\/v2\/media?parent=27976"}],"wp:term":[{"taxonomy":"category","embeddable":true,"href":"https:\/\/www.oparanews.com.br\/index.php\/wp-json\/wp\/v2\/categories?post=27976"},{"taxonomy":"post_tag","embeddable":true,"href":"https:\/\/www.oparanews.com.br\/index.php\/wp-json\/wp\/v2\/tags?post=27976"}],"curies":[{"name":"wp","href":"https:\/\/api.w.org\/{rel}","templated":true}]}}