{"id":28007,"date":"2023-05-02T16:37:14","date_gmt":"2023-05-02T19:37:14","guid":{"rendered":"https:\/\/www.oparanews.com.br\/?p=28007"},"modified":"2023-05-02T16:37:14","modified_gmt":"2023-05-02T19:37:14","slug":"alerta-de-chuvas-intensas-e-emitido-para-38-cidades-do-interior","status":"publish","type":"post","link":"https:\/\/www.oparanews.com.br\/index.php\/2023\/05\/02\/alerta-de-chuvas-intensas-e-emitido-para-38-cidades-do-interior\/","title":{"rendered":"Alerta de chuvas intensas \u00e9 emitido para 38 cidades do interior"},"content":{"rendered":"<p>O Instituto Nacional de Meteorologia (Inmet) emitiu, nesta ter\u00e7a-feira (2), um alerta de chuvas intensas, na cor amarela, para 38 cidades que ficam na regi\u00e3o do Sert\u00e3o, Agreste e Baixo S\u00e3o Francisco (veja lista abaixo). O aviso \u00e9 v\u00e1lido at\u00e9 quarta-feira (3).<\/p>\n<p>&nbsp;<\/p>\n<p>A previs\u00e3o \u00e9 de chuva entre 30 e 60 mm\/h ou 50 e 100 mm\/dia, e ventos intensos que podem chegar a 100 km\/h. Existe risco de corte de energia el\u00e9trica, queda de galhos de \u00e1rvores, alagamentos e de descargas el\u00e9tricas.<\/p>\n<p>&nbsp;<\/p>\n<p><strong>Cidades em alerta amarelo para chuvas intensas<\/strong><\/p>\n<p>\u00c1gua Branca<br \/>\nBatalha<br \/>\nBelo Monte<br \/>\nCampo Grande<br \/>\nCanapi<br \/>\nCarneiros<br \/>\nDelmiro Gouveia<br \/>\nDois Riachos<br \/>\nFeira Grande<br \/>\nGirau do Ponciano<br \/>\nIgreja Nova<br \/>\nInhapi<br \/>\nJacar\u00e9 dos Homens<br \/>\nJaramataia<br \/>\nLagoa da Canoa<br \/>\nMajor Isidoro<br \/>\nMaravilha<br \/>\nMata Grande<br \/>\nMonteir\u00f3polis<br \/>\nOlho d&#8217;\u00c1gua das Flores<br \/>\nOlho d&#8217;\u00c1gua do Casado<br \/>\nOlho d&#8217;\u00c1gua Grande<br \/>\nOliven\u00e7a<br \/>\nOuro Branco<br \/>\nPalestina<br \/>\nP\u00e3o de A\u00e7\u00facar<br \/>\nPariconha<br \/>\nPenedo<br \/>\nPia\u00e7abu\u00e7u<br \/>\nPiranhas<br \/>\nPo\u00e7o das Trincheiras<br \/>\nPorto Real do Col\u00e9gio<br \/>\nSantana do Ipanema<br \/>\nS\u00e3o Br\u00e1s<br \/>\nS\u00e3o Jos\u00e9 da Tapera<br \/>\nS\u00e3o Sebasti\u00e3o<br \/>\nSenador Rui Palmeira<br \/>\nTraipu<\/p>\n<p>&nbsp;<\/p>\n<p><strong>Veja as orienta\u00e7\u00f5es para o mau tempo<\/strong><\/p>\n<p>&nbsp;<\/p>\n<ul>\n<li>Em caso de rajadas de vento n\u00e3o se abrigue debaixo de \u00e1rvores, pois h\u00e1 leve risco de queda e descargas el\u00e9tricas e n\u00e3o estacione ve\u00edculos pr\u00f3ximos a torres de transmiss\u00e3o e placas de propaganda<\/li>\n<li>Evite usar aparelhos eletr\u00f4nicos ligados \u00e0 tomada.<\/li>\n<li>Obtenha mais informa\u00e7\u00f5es junto \u00e0 Defesa Civil (telefone 199) e ao Corpo de Bombeiros (telefone 193)<\/li>\n<\/ul>\n<p>&nbsp;<\/p>\n<p>&nbsp;<\/p>\n<p>&nbsp;<\/p>\n<p><strong>Fonte: G1\/AL<\/strong><\/p>\n<p>&nbsp;<\/p>\n","protected":false},"excerpt":{"rendered":"<p>O Instituto Nacional de Meteorologia (Inmet) emitiu, nesta ter\u00e7a-feira (2), um alerta de chuvas intensas, na cor amarela, para 38 cidades que ficam na regi\u00e3o do Sert\u00e3o, Agreste e Baixo S\u00e3o Francisco (veja lista abaixo). O aviso \u00e9 v\u00e1lido at\u00e9 quarta-feira (3). &nbsp; A previs\u00e3o \u00e9 de chuva entre 30 e 60 mm\/h ou 50 &hellip;<\/p>\n","protected":false},"author":2,"featured_media":28008,"comment_status":"open","ping_status":"open","sticky":false,"template":"","format":"standard","meta":{"_jetpack_memberships_contains_paid_content":false,"footnotes":""},"categories":[4],"tags":[],"class_list":["post-28007","post","type-post","status-publish","format-standard","has-post-thumbnail","hentry","category-alagoas"],"jetpack_featured_media_url":"https:\/\/www.oparanews.com.br\/wp-content\/uploads\/2023\/05\/whatsapp-image-2023-05-02-at-10.49.20.webp","jetpack_sharing_enabled":true,"_links":{"self":[{"href":"https:\/\/www.oparanews.com.br\/index.php\/wp-json\/wp\/v2\/posts\/28007","targetHints":{"allow":["GET"]}}],"collection":[{"href":"https:\/\/www.oparanews.com.br\/index.php\/wp-json\/wp\/v2\/posts"}],"about":[{"href":"https:\/\/www.oparanews.com.br\/index.php\/wp-json\/wp\/v2\/types\/post"}],"author":[{"embeddable":true,"href":"https:\/\/www.oparanews.com.br\/index.php\/wp-json\/wp\/v2\/users\/2"}],"replies":[{"embeddable":true,"href":"https:\/\/www.oparanews.com.br\/index.php\/wp-json\/wp\/v2\/comments?post=28007"}],"version-history":[{"count":1,"href":"https:\/\/www.oparanews.com.br\/index.php\/wp-json\/wp\/v2\/posts\/28007\/revisions"}],"predecessor-version":[{"id":28009,"href":"https:\/\/www.oparanews.com.br\/index.php\/wp-json\/wp\/v2\/posts\/28007\/revisions\/28009"}],"wp:featuredmedia":[{"embeddable":true,"href":"https:\/\/www.oparanews.com.br\/index.php\/wp-json\/wp\/v2\/media\/28008"}],"wp:attachment":[{"href":"https:\/\/www.oparanews.com.br\/index.php\/wp-json\/wp\/v2\/media?parent=28007"}],"wp:term":[{"taxonomy":"category","embeddable":true,"href":"https:\/\/www.oparanews.com.br\/index.php\/wp-json\/wp\/v2\/categories?post=28007"},{"taxonomy":"post_tag","embeddable":true,"href":"https:\/\/www.oparanews.com.br\/index.php\/wp-json\/wp\/v2\/tags?post=28007"}],"curies":[{"name":"wp","href":"https:\/\/api.w.org\/{rel}","templated":true}]}}