{"id":28010,"date":"2023-05-02T16:43:59","date_gmt":"2023-05-02T19:43:59","guid":{"rendered":"https:\/\/www.oparanews.com.br\/?p=28010"},"modified":"2023-05-02T16:43:59","modified_gmt":"2023-05-02T19:43:59","slug":"governo-de-alagoas-realiza-em-penedo-forum-regional-do-ppa-2024-2027","status":"publish","type":"post","link":"https:\/\/www.oparanews.com.br\/index.php\/2023\/05\/02\/governo-de-alagoas-realiza-em-penedo-forum-regional-do-ppa-2024-2027\/","title":{"rendered":"Governo de Alagoas realiza em Penedo F\u00f3rum Regional do PPA 2024-2027"},"content":{"rendered":"<p>Penedo recebe nesta quarta-feira, 03, o F\u00f3rum Regional Participativo do Plano Plurianual (PPA) do Governo de Alagoas, debate aberto ao p\u00fablico para elabora\u00e7\u00e3o de a\u00e7\u00f5es referentes ao quadri\u00eanio 2024-2027.<\/p>\n<p>&nbsp;<\/p>\n<p>O evento organizado pela Secretaria de Estado do Planejamento, Gest\u00e3o e Patrim\u00f4nio (Seplag) acontece no audit\u00f3rio do Instituto Federal de Alagoas (Ifal), a partir das 9 horas.<\/p>\n<p><a href=\"http:\/\/www.oparanews.com.br\/wp-content\/uploads\/2023\/05\/ifal-penedo2.jpg\"><img loading=\"lazy\" decoding=\"async\" class=\"aligncenter size-full wp-image-28011\" src=\"http:\/\/www.oparanews.com.br\/wp-content\/uploads\/2023\/05\/ifal-penedo2.jpg\" alt=\"\" width=\"1500\" height=\"764\" srcset=\"https:\/\/www.oparanews.com.br\/wp-content\/uploads\/2023\/05\/ifal-penedo2.jpg 1500w, https:\/\/www.oparanews.com.br\/wp-content\/uploads\/2023\/05\/ifal-penedo2-300x153.jpg 300w, https:\/\/www.oparanews.com.br\/wp-content\/uploads\/2023\/05\/ifal-penedo2-1024x522.jpg 1024w, https:\/\/www.oparanews.com.br\/wp-content\/uploads\/2023\/05\/ifal-penedo2-768x391.jpg 768w\" sizes=\"auto, (max-width: 1500px) 100vw, 1500px\" \/><\/a><\/p>\n<p>A iniciativa \u00e9 aberta \u00e0 participa\u00e7\u00e3o da comunidade escolar, profissionais da sa\u00fade, l\u00edderes comunit\u00e1rios, prefeitos da regi\u00e3o, Poder Legislativo dos munic\u00edpios, conselhos, sindicatos e a popula\u00e7\u00e3o, organizada ou n\u00e3o.<\/p>\n<p>&nbsp;<\/p>\n<p>Para o secret\u00e1rio de Estado do Planejamento, Gest\u00e3o e Patrim\u00f4nio, Gabriel Albino, os f\u00f3runs participativos v\u00e3o potencializar a aproxima\u00e7\u00e3o do governo com os alagoanos e refor\u00e7ar o compromisso com o trabalho transparente e compreens\u00edvel.<\/p>\n<p>&nbsp;<\/p>\n<p>\u201cEstamos percorrendo os munic\u00edpios e mobilizando as equipes com a inten\u00e7\u00e3o de que toda sociedade alagoana se sinta protagonista no governo\u201d, disse o gestor.<\/p>\n<p>&nbsp;<\/p>\n<p>O primeiro f\u00f3rum ocorreu em Uni\u00e3o dos Palmares e mais oito cidades-p\u00f3lo ser\u00e3o contempladas: Penedo, Delmiro Gouveia, S\u00e3o Miguel dos Campos, Palmeira dos \u00cdndios, Maragogi, Macei\u00f3, Arapiraca e Santana do Ipanema.<\/p>\n<p>&nbsp;<\/p>\n<p>A programa\u00e7\u00e3o completa com os dias e locais da realiza\u00e7\u00e3o dos f\u00f3runs est\u00e1 no site <a href=\"http:\/\/ppa.al.gov.br\/\"><strong>ppa.al.gov.br<\/strong><\/a><\/p>\n<p><a href=\"http:\/\/www.oparanews.com.br\/wp-content\/uploads\/2023\/05\/ppa-alagoas-penedo.jpg\"><img loading=\"lazy\" decoding=\"async\" class=\"aligncenter size-full wp-image-28013\" src=\"http:\/\/www.oparanews.com.br\/wp-content\/uploads\/2023\/05\/ppa-alagoas-penedo.jpg\" alt=\"\" width=\"1130\" height=\"1600\" srcset=\"https:\/\/www.oparanews.com.br\/wp-content\/uploads\/2023\/05\/ppa-alagoas-penedo.jpg 1130w, https:\/\/www.oparanews.com.br\/wp-content\/uploads\/2023\/05\/ppa-alagoas-penedo-212x300.jpg 212w, https:\/\/www.oparanews.com.br\/wp-content\/uploads\/2023\/05\/ppa-alagoas-penedo-723x1024.jpg 723w, https:\/\/www.oparanews.com.br\/wp-content\/uploads\/2023\/05\/ppa-alagoas-penedo-768x1087.jpg 768w, https:\/\/www.oparanews.com.br\/wp-content\/uploads\/2023\/05\/ppa-alagoas-penedo-1085x1536.jpg 1085w\" sizes=\"auto, (max-width: 1130px) 100vw, 1130px\" \/><\/a><\/p>\n<p><strong>PPA Online<\/strong><\/p>\n<p>&nbsp;<\/p>\n<p>Ainda com a finalidade de incentivar a participa\u00e7\u00e3o popular, a Seplag conta com o aux\u00edlio da plataforma PPA Online. Nela, os alagoanos podem sugerir melhorias em \u00e1reas como sa\u00fade, educa\u00e7\u00e3o, infraestrutura, seguran\u00e7a p\u00fablica, emprego, ci\u00eancia, inova\u00e7\u00e3o.<\/p>\n<p>&nbsp;<\/p>\n<p>Para contribuir, basta acessar o endere\u00e7o eletr\u00f4nico ppa.al.gov.br, clicar na aba PARTICIPE e escrever o problema e\/ou sugest\u00e3o no espa\u00e7o em branco. A plataforma ficar\u00e1 aberta at\u00e9 o final de junho.<\/p>\n<p>&nbsp;<\/p>\n<p>&nbsp;<\/p>\n<p>&nbsp;<\/p>\n<p><strong>Fonte: Secom PMP<\/strong><\/p>\n<p>&nbsp;<\/p>\n","protected":false},"excerpt":{"rendered":"<p>Penedo recebe nesta quarta-feira, 03, o F\u00f3rum Regional Participativo do Plano Plurianual (PPA) do Governo de Alagoas, debate aberto ao p\u00fablico para elabora\u00e7\u00e3o de a\u00e7\u00f5es referentes ao quadri\u00eanio 2024-2027. &nbsp; O evento organizado pela Secretaria de Estado do Planejamento, Gest\u00e3o e Patrim\u00f4nio (Seplag) acontece no audit\u00f3rio do Instituto Federal de Alagoas (Ifal), a partir das &hellip;<\/p>\n","protected":false},"author":2,"featured_media":28012,"comment_status":"open","ping_status":"open","sticky":false,"template":"","format":"standard","meta":{"_jetpack_memberships_contains_paid_content":false,"footnotes":""},"categories":[1,3],"tags":[],"class_list":["post-28010","post","type-post","status-publish","format-standard","has-post-thumbnail","hentry","category-destaque","category-penedo"],"jetpack_featured_media_url":"https:\/\/www.oparanews.com.br\/wp-content\/uploads\/2023\/05\/penedo-imagem-aerea-janeiro-2023.jpeg","jetpack_sharing_enabled":true,"_links":{"self":[{"href":"https:\/\/www.oparanews.com.br\/index.php\/wp-json\/wp\/v2\/posts\/28010","targetHints":{"allow":["GET"]}}],"collection":[{"href":"https:\/\/www.oparanews.com.br\/index.php\/wp-json\/wp\/v2\/posts"}],"about":[{"href":"https:\/\/www.oparanews.com.br\/index.php\/wp-json\/wp\/v2\/types\/post"}],"author":[{"embeddable":true,"href":"https:\/\/www.oparanews.com.br\/index.php\/wp-json\/wp\/v2\/users\/2"}],"replies":[{"embeddable":true,"href":"https:\/\/www.oparanews.com.br\/index.php\/wp-json\/wp\/v2\/comments?post=28010"}],"version-history":[{"count":1,"href":"https:\/\/www.oparanews.com.br\/index.php\/wp-json\/wp\/v2\/posts\/28010\/revisions"}],"predecessor-version":[{"id":28014,"href":"https:\/\/www.oparanews.com.br\/index.php\/wp-json\/wp\/v2\/posts\/28010\/revisions\/28014"}],"wp:featuredmedia":[{"embeddable":true,"href":"https:\/\/www.oparanews.com.br\/index.php\/wp-json\/wp\/v2\/media\/28012"}],"wp:attachment":[{"href":"https:\/\/www.oparanews.com.br\/index.php\/wp-json\/wp\/v2\/media?parent=28010"}],"wp:term":[{"taxonomy":"category","embeddable":true,"href":"https:\/\/www.oparanews.com.br\/index.php\/wp-json\/wp\/v2\/categories?post=28010"},{"taxonomy":"post_tag","embeddable":true,"href":"https:\/\/www.oparanews.com.br\/index.php\/wp-json\/wp\/v2\/tags?post=28010"}],"curies":[{"name":"wp","href":"https:\/\/api.w.org\/{rel}","templated":true}]}}