{"id":28015,"date":"2023-05-02T17:10:17","date_gmt":"2023-05-02T20:10:17","guid":{"rendered":"https:\/\/www.oparanews.com.br\/?p=28015"},"modified":"2023-05-02T17:10:17","modified_gmt":"2023-05-02T20:10:17","slug":"flipenedo-tera-shows-de-zeca-baleiro-e-wado-veja-programacao","status":"publish","type":"post","link":"https:\/\/www.oparanews.com.br\/index.php\/2023\/05\/02\/flipenedo-tera-shows-de-zeca-baleiro-e-wado-veja-programacao\/","title":{"rendered":"FliPenedo ter\u00e1 shows de Zeca Baleiro e Wado; veja programa\u00e7\u00e3o"},"content":{"rendered":"<p>A segunda edi\u00e7\u00e3o da Festa Liter\u00e1ria de Penedo come\u00e7a nesta quarta-feira (3). O evento vai ter palestras, shows, recitais, grupos de cultura popular, debates e lan\u00e7amento de livros.<\/p>\n<p>&nbsp;<\/p>\n<p>Ser\u00e3o quatro dias de evento, at\u00e9 s\u00e1bado (6), com direito a show de encerramento do cantor Zeca Baleiro. Veja, abaixo, a programa\u00e7\u00e3o completa:<\/p>\n<p>&nbsp;<\/p>\n<p class=\"mc-column show-table__title\"><strong>Programa\u00e7\u00e3o da Festa Liter\u00e1ria de Penedo 2023<\/strong><\/p>\n<div class=\"show-table__centralized\">\n<div class=\"show-table__container\">\n<table class=\"show-table__content\n show-table__content--highlight-top        \"><\/p>\n<tbody>\n<tr>\n<td>Hor\u00e1rio<\/td>\n<td>Atividade<\/td>\n<td>Local<\/td>\n<\/tr>\n<tr>\n<td><\/td>\n<td>QUARTA-FEIRA, DIA 3 DE MAIO<\/td>\n<td><\/td>\n<\/tr>\n<tr>\n<td>08:00-20:00<\/td>\n<td>Feira de Livros e Exposi\u00e7\u00e3o &#8211; Painel da linha do tempo da vida e obra de Jorge de LIma<\/td>\n<td>Tenda Liter\u00e1ria &#8211; Largo de S\u00e3o Gon\u00e7alo<\/td>\n<\/tr>\n<tr>\n<td>08:00<\/td>\n<td>Conta\u00e7\u00e3o de hist\u00f3rias &#8211; Fatima Maia (MCZ) P\u00fablico: Educa\u00e7\u00e3o Infantil, Fundamental 1 e Geral.<\/td>\n<td>Centro de Conven\u00e7\u00f5es<\/td>\n<\/tr>\n<tr>\n<td>09:00<\/td>\n<td>Apresenta\u00e7\u00e3o da Cultura Popular: Grupo Mandingueiros<\/td>\n<td>Centro de Conven\u00e7\u00f5es<\/td>\n<\/tr>\n<tr>\n<td>09:30<\/td>\n<td>Conta\u00e7\u00e3o de hist\u00f3rias &#8211; Fatima Maia (MCZ) P\u00fablico: Educa\u00e7\u00e3o Infantil, Fundamental 1 e Geral.<\/td>\n<td>Centro de Conven\u00e7\u00f5es<\/td>\n<\/tr>\n<tr>\n<td>10:00<\/td>\n<td>Inclus\u00e3o Social a partir da Conta\u00e7\u00e3o de Hist\u00f3rias Educadora Social: Vera Leide Nazar\u00e9 (MCZ)<\/td>\n<td>Centro Juvenil Maria Auxiliadora &#8211; Vila Matias<\/td>\n<\/tr>\n<tr>\n<td>14:00<\/td>\n<td>Conta\u00e7\u00e3o de hist\u00f3rias &#8211; Fatima Maia (MCZ) P\u00fablico: Educa\u00e7\u00e3o Infantil, Fundamental 1 e Geral.<\/td>\n<td>Centro de Conven\u00e7\u00f5es<\/td>\n<\/tr>\n<tr>\n<td>14:00<\/td>\n<td>Mesa \u201cOralituras\u201d Debatedores: Linete Matias, Vitoria Rodrigues e Arriete Vilela Mediadora: Marta Eug\u00eania Oliveira<\/td>\n<td>Theatro 7 de Setembro<\/td>\n<\/tr>\n<tr>\n<td>15:00<\/td>\n<td>Apresenta\u00e7\u00e3o da Cultura Popular: Grupo Mandingueiros<\/td>\n<td>Centro de Conven\u00e7\u00f5es<\/td>\n<\/tr>\n<tr>\n<td>15:00<\/td>\n<td>Mesa \u201cJorge de Lima e as Alagoas Profunda\u201d Debatedores: Prof. Dr. Edson Bezerra (MCZ) e Prof. PhD. Marcos Vasconcelos (MCZ) Media\u00e7\u00e3o: Paulo Poeta (MCZ)<\/td>\n<td>Theatro 7 de Setembro<\/td>\n<\/tr>\n<tr>\n<td>15:30<\/td>\n<td>Conta\u00e7\u00e3o de hist\u00f3rias &#8211; Fatima Maia (MCZ) P\u00fablico: Educa\u00e7\u00e3o Infantil, Fundamental 1 e Geral.<\/td>\n<td>Centro de Conven\u00e7\u00f5es<\/td>\n<\/tr>\n<tr>\n<td>16:00<\/td>\n<td>Mesa \u201cQual o papel das Academias e Associa\u00e7\u00f5es de Letras de Alagoas\u201d Debatedores: Rostand Lanverly (AAL), Moezio de Vasconcellos (APLACC) e Maria das Gra\u00e7as Santos Mota (APEP)<\/td>\n<td>Theatro 7 de Setembro<\/td>\n<\/tr>\n<tr>\n<td>18:00<\/td>\n<td>Abertura Oficial (Falas da organiza\u00e7\u00e3o, autoridades e apoiadores)<\/td>\n<td>Theatro 7 de Setembro<\/td>\n<\/tr>\n<tr>\n<td>19:00<\/td>\n<td>Palestra de abertura: \u201cErnani M\u00e9ro \u2013 Hist\u00f3rias de Penedo, Vis\u00e3o do Mundo.\u201d Palestrante: Ricardo M\u00e9ro<\/td>\n<td>Theatro 7 de Setembro<\/td>\n<\/tr>\n<tr>\n<td>21:00<\/td>\n<td>Show Musical &#8211; artistas alagoana\/nacional: Linete Matias e Vit\u00f3ria Rodrigues.<\/td>\n<td>Centro de Conven\u00e7\u00f5es<\/td>\n<\/tr>\n<tr>\n<td><\/td>\n<td>QUINTA-FEIRA, DIA 4 DE MAIO<\/td>\n<td><\/td>\n<\/tr>\n<tr>\n<td>08:00-20:00<\/td>\n<td>Feira de Livros e Exposi\u00e7\u00e3o de painel da linha do tempo da vida e obra de Jorge de Lima<\/td>\n<td>Tenda Liter\u00e1ria &#8211; Largo de S\u00e3o Gon\u00e7alo<\/td>\n<\/tr>\n<tr>\n<td>08:00<\/td>\n<td>Conta\u00e7\u00e3o de hist\u00f3rias &#8211; Cia Literando (MCZ) P\u00fablico: Educa\u00e7\u00e3o Infantil, Fundamental 1 e Geral<\/td>\n<td>Centro de Conven\u00e7\u00f5es<\/td>\n<\/tr>\n<tr>\n<td>09:00<\/td>\n<td>Apresenta\u00e7\u00e3o da Cultura Popular: P\u00edfaano<\/td>\n<td>Centro de Conven\u00e7\u00f5es<\/td>\n<\/tr>\n<tr>\n<td>09:30<\/td>\n<td>Conta\u00e7\u00e3o de hist\u00f3rias &#8211; Flora e Alecrim (MCZ) P\u00fablico: Educa\u00e7\u00e3o Infantil, Fundamental 1 e Geral<\/td>\n<td>Centro de Conven\u00e7\u00f5es<\/td>\n<\/tr>\n<tr>\n<td>10:00<\/td>\n<td>Mesa \u201cDiversidade e Produ\u00e7\u00e3o Liter\u00e1ria\u201d Debatedores: \u00cdsis Florescer (MCZ), Jos\u00e9 Carlos Hon\u00f3rio (SP)<\/td>\n<td>Theatro 7 de Setembro<\/td>\n<\/tr>\n<tr>\n<td>10:00-12:00<\/td>\n<td>Oficina de Escrita Criativa: Poesia. Monitor: Luis Pimentel<\/td>\n<td>Casa de Aposentadoria. Inscri\u00e7\u00e3o no local (15 vagas)<\/td>\n<\/tr>\n<tr>\n<td>14:00<\/td>\n<td>Conta\u00e7\u00e3o de hist\u00f3rias &#8211; Cia Literando (MCZ) P\u00fablico: Educa\u00e7\u00e3o Infantil, Fundamental 1 e Geral<\/td>\n<td>Centro de Conven\u00e7\u00f5es<\/td>\n<\/tr>\n<tr>\n<td>14:00<\/td>\n<td>Mesa \u201c130 anos de Jorge de Lima\u201d Debatedores: Milton Rosendo (MCZ) e Niraldo Farias (MCZ) &#8211; UFAL Media\u00e7\u00e3o: Jos\u00e9 In\u00e1cio (BA)<\/td>\n<td>Theatro 7 de Setembro<\/td>\n<\/tr>\n<tr>\n<td>15:00<\/td>\n<td>Mesa \u201cHist\u00f3ria Regional\u201d Debatedores: Luana Tavares e M\u00f4nica Carvalho Mediador: Maur\u00edcio Melo J\u00fanior<\/td>\n<td>Theatro 7 de Setembro<\/td>\n<\/tr>\n<tr>\n<td>15:00<\/td>\n<td>Apresenta\u00e7\u00e3o da Cultura Popular: P\u00edfano<\/td>\n<td>Centro de Conven\u00e7\u00f5es<\/td>\n<\/tr>\n<tr>\n<td>15:30<\/td>\n<td>Conta\u00e7\u00e3o de hist\u00f3rias &#8211; Flora e Alecrim (MCZ) P\u00fablico: Educa\u00e7\u00e3o Infantil, Fundamental 1 e Geral<\/td>\n<td>Centro de Conven\u00e7\u00f5es<\/td>\n<\/tr>\n<tr>\n<td>16:00<\/td>\n<td>Mesa \u201cHist\u00f3ria, Outras Formas de Contar\u201d Debatedores: Jean Lenzi (FCP) e M\u00e1rio H\u00e9lio Media\u00e7\u00e3o: Maur\u00edcio Melo J\u00fanior (DF)<\/td>\n<td>Theatro 7 de Setembro<\/td>\n<\/tr>\n<tr>\n<td>17:00<\/td>\n<td>Mesa \u201cComposi\u00e7\u00e3o Musical e Poesia\u201d Debatedores: Wado, Rog\u00e9rio Dias e MC Tribo Media\u00e7\u00e3o: Prof. Marcos Moreira (UFAL)<\/td>\n<td>Theatro 7 de Setembro<\/td>\n<\/tr>\n<tr>\n<td>18:30<\/td>\n<td>Mesa Principal: Gest\u00e3o Cultural e Feiras Liter\u00e1rias Debatedores: Teresa Machado e Marta Eug\u00eania Media\u00e7\u00e3o: Maur\u00edcio Melo J\u00fanior (DF)<\/td>\n<td>Theatro 7 de Setembro<\/td>\n<\/tr>\n<tr>\n<td>19:00<\/td>\n<td>Apresenta\u00e7\u00e3o Teatral: \u201cDepois da Guerra\u201d (DF) Drama que conta a vida da hero\u00edna baiana que lutou na guerra da independ\u00eancia. Seguido de debate com o autor, a diretora e a atriz.<\/td>\n<td>Centro de Conven\u00e7\u00f5es<\/td>\n<\/tr>\n<tr>\n<td>21:00<\/td>\n<td>Show Musical &#8211; artistas alagoanos: Rog\u00e9rio Dias e Banda Poesia Musicada no Pandeiro, MC Tribo e Wado.<\/td>\n<td>Palco Cultural \u2013 Largo de S\u00e3o Gon\u00e7alo<\/td>\n<\/tr>\n<tr>\n<td><\/td>\n<td>SEXTA-FEIRA, DIA 5 DE MAIO<\/td>\n<td><\/td>\n<\/tr>\n<tr>\n<td>08:00-20:00<\/td>\n<td>Feira de Livros e Exposi\u00e7\u00e3o de \u00b4painel da linha do tempo da vida e obra de Jorge Lima<\/td>\n<td>Tenda Liter\u00e1ria &#8211; Largo de S\u00e3o Gon\u00e7alo<\/td>\n<\/tr>\n<tr>\n<td>08:00<\/td>\n<td>Ch\u00e1 Liter\u00e1rio &#8211; \u201cTricontando: fios que atravessam o tempo\u201d &#8211; Contadoras: Ana Neila Torquato, Hozana Costa e Rose Costa<\/td>\n<td>Theatro 7 de Setembro<\/td>\n<\/tr>\n<tr>\n<td>08:00<\/td>\n<td>Apresenta\u00e7\u00e3o da Cultura Popular: Guerreiro\u00a0Treme\u00a0Terra\u00a0&#8211;\u00a0Mestra\u00a0Chica<\/td>\n<td>Theatro 7 de Setembro<\/td>\n<\/tr>\n<tr>\n<td>08:00<\/td>\n<td>Teatro &#8211; Chico de Assis conta Jorge de Lima e a Inven\u00e7\u00e3o da Poesia<\/td>\n<td>Centro de Conven\u00e7\u00f5es<\/td>\n<\/tr>\n<tr>\n<td>09:00<\/td>\n<td>Lan\u00e7amento de Livros<\/td>\n<td>Theatro 7 de Setembro<\/td>\n<\/tr>\n<tr>\n<td>09:30<\/td>\n<td>Teatro &#8211; Chico de Assis conta Jorge de Lima e a Inven\u00e7\u00e3o da Poesia<\/td>\n<td>Centro de Conven\u00e7\u00f5es<\/td>\n<\/tr>\n<tr>\n<td>10:00<\/td>\n<td>Lan\u00e7amento de Livros<\/td>\n<td>Theatro 7 de Setembro<\/td>\n<\/tr>\n<tr>\n<td>10:00 &#8211; 12:00<\/td>\n<td>Oficina de Escrita Criativa: Cr\u00f4nicas Monitor: Maur\u00edcio Melo J\u00fanior (DF)<\/td>\n<td>Casa de Aposentadoria &#8211; Inscri\u00e7\u00e3o no local (15 vagas)<\/td>\n<\/tr>\n<tr>\n<td>11:00<\/td>\n<td>Lan\u00e7amento de Livros<\/td>\n<td>Theatro 7 de Setembro<\/td>\n<\/tr>\n<tr>\n<td>14:00<\/td>\n<td>Teatro &#8211; Chico de Assis conta Jorge de Lima e a Inven\u00e7\u00e3o da Poesia &#8211; P\u00fablico: Fundamental 2 e Geral<\/td>\n<td>Centro de Conven\u00e7\u00f5es<\/td>\n<\/tr>\n<tr>\n<td>14:00<\/td>\n<td>Mesa \u201cComposi\u00e7\u00e3o e Poesia\u201d &#8211; Debatedores: Junior Almeida, Fernando Fiuza, All\u00ea o Santo e Elaine Kundera &#8211; Media\u00e7\u00e3o: Maestro Luiz Martins<\/td>\n<td>Theatro 7 de Setembro<\/td>\n<\/tr>\n<tr>\n<td>14:00<\/td>\n<td>Apresenta\u00e7\u00e3o Teatral: \u201cDepois da Guerra\u201d (DF) Drama que conta a vida da hero\u00edna baiana que lutou na guerra da independ\u00eancia. Seguido de debate com o autor, a diretora e a atriz.<\/td>\n<td>Centro Juvenil Maria Auxiliadora &#8211; Vila Matias<\/td>\n<\/tr>\n<tr>\n<td>15:30<\/td>\n<td>Teatro &#8211; Chico de Assis conta Jorge de Lima e a Inven\u00e7\u00e3o da Poesia<\/td>\n<td>Centro de Conven\u00e7\u00f5es<\/td>\n<\/tr>\n<tr>\n<td>16:00<\/td>\n<td>Mesa \u201cNovas Formas de Edi\u00e7\u00e3o\u201d: Debatedores: Patrycia Monteiro (MCZ), Eduardo Lacerda, Jos\u00e9 Carlos Hon\u00f3rio (SP). Media\u00e7\u00e3o: Gustavo Felic\u00edssimo.<\/td>\n<td>Theatro 7 de Setembro<\/td>\n<\/tr>\n<tr>\n<td>17:00<\/td>\n<td>Mesa \u201cAfrografias\u201d: Debatedores: Profa. Dra. Daniela Beny (MCZ) , Prof. Ms. Jeamerson Nascimento (MCZ), Prof. Ms. Jadiel Ferreira (MCZ) e Prof. Denis Angola (MCZ) Mediador: Prof. Dr. Anderson Almeida (UFAL)<\/td>\n<td>Theatro 7 de Setembro<\/td>\n<\/tr>\n<tr>\n<td>18:00<\/td>\n<td>\u201cJorge de Lima, o artista pl\u00e1stico\u201d: Palestrante: Enio Lins (MCZ)<\/td>\n<td>Theatro 7 de Setembro<\/td>\n<\/tr>\n<tr>\n<td>19:00<\/td>\n<td>Concerto com o duo: Maestro Luiz Martins e Selma Britto<\/td>\n<td>Theatro 7 de Setembro<\/td>\n<\/tr>\n<tr>\n<td>19:00<\/td>\n<td>Mesa \u201cCinema e Literatura\u201d: Debatedores: Ninho Moraes e Prof. Kleber Messias Media\u00e7\u00e3o: Prof. Sergio Onofre (UFAL)<\/td>\n<td>Audit\u00f3rio da Faculdade Raimundo Marinho<\/td>\n<\/tr>\n<tr>\n<td>19:00<\/td>\n<td>Teatro &#8211; Chico de Assis conta Jorge de Lima e a Inven\u00e7\u00e3o da Poesia<\/td>\n<td>Centro de Conven\u00e7\u00f5es<\/td>\n<\/tr>\n<tr>\n<td>20:00<\/td>\n<td>Recital de Poesia<\/td>\n<td>Palco Cultural \u2013 Largo de S\u00e3o Gon\u00e7alo<\/td>\n<\/tr>\n<tr>\n<td>21:00<\/td>\n<td>Show Musical &#8211; artistas alagoanos: All\u00ea o Santo e Elaine Kundera e J\u00fanior Almeida<\/td>\n<td>Palco Cultural \u2013 Largo de S\u00e3o Gon\u00e7alo<\/td>\n<\/tr>\n<tr>\n<td><\/td>\n<td>S\u00c1BADO, DIA 6 DE MAIO<\/td>\n<td><\/td>\n<\/tr>\n<tr>\n<td>08:00 &#8211; 20:00<\/td>\n<td>Feira de Livros e Exposi\u00e7\u00e3o de painel da linha do tempo da vida e obra de Jorge de Lima<\/td>\n<td>Tenda Liter\u00e1ria &#8211; Largo de S\u00e3o Gon\u00e7alo<\/td>\n<\/tr>\n<tr>\n<td>09:00<\/td>\n<td>Apresenta\u00e7\u00e3o da Cultura Popular: Tadeu e seus Bonecos<\/td>\n<td>Tenda Liter\u00e1ria &#8211; Largo de S\u00e3o Gon\u00e7alo<\/td>\n<\/tr>\n<tr>\n<td>18:00<\/td>\n<td>Apresenta\u00e7\u00e3o da Cultura Popular: Tadeu e seus Bonecos<\/td>\n<td>Tenda Liter\u00e1ria &#8211; Largo de S\u00e3o Gon\u00e7alo<\/td>\n<\/tr>\n<tr>\n<td>19:00<\/td>\n<td>Cerim\u00f4nia de Encerramento<\/td>\n<td>Theatro 7 de Setembro<\/td>\n<\/tr>\n<tr>\n<td>20:00<\/td>\n<td>Sarau Liter\u00e1rio<\/td>\n<td>Palco Cultural \u2013 Largo de S\u00e3o Gon\u00e7alo<\/td>\n<\/tr>\n<tr>\n<td>21:00<\/td>\n<td>Show Musical &#8211; artista nacional: Zeca Baleiro<\/td>\n<td>Palco Cultural \u2013 Largo de S\u00e3o Gon\u00e7alo<\/td>\n<\/tr>\n<\/tbody>\n<\/table>\n<\/div>\n<div class=\"show-table__footer\">\n<div class=\"show-table__source\">Fonte: Secretaria Municipal de Cultura, Lazer e Juventude<\/div>\n<\/div>\n<\/div>\n<p>&nbsp;<\/p>\n<p><strong>Fonte: Secom PMP<\/strong><\/p>\n<p>&nbsp;<\/p>\n","protected":false},"excerpt":{"rendered":"<p>A segunda edi\u00e7\u00e3o da Festa Liter\u00e1ria de Penedo come\u00e7a nesta quarta-feira (3). O evento vai ter palestras, shows, recitais, grupos de cultura popular, debates e lan\u00e7amento de livros. &nbsp; Ser\u00e3o quatro dias de evento, at\u00e9 s\u00e1bado (6), com direito a show de encerramento do cantor Zeca Baleiro. Veja, abaixo, a programa\u00e7\u00e3o completa: &nbsp; Programa\u00e7\u00e3o da &hellip;<\/p>\n","protected":false},"author":2,"featured_media":28016,"comment_status":"open","ping_status":"open","sticky":false,"template":"","format":"standard","meta":{"_jetpack_memberships_contains_paid_content":false,"footnotes":""},"categories":[1,3],"tags":[],"class_list":["post-28015","post","type-post","status-publish","format-standard","has-post-thumbnail","hentry","category-destaque","category-penedo"],"jetpack_featured_media_url":"https:\/\/www.oparanews.com.br\/wp-content\/uploads\/2023\/05\/copy-of-zeca-baleiro-credito-foto-silvia-zamboni-70c-002-.webp","jetpack_sharing_enabled":true,"_links":{"self":[{"href":"https:\/\/www.oparanews.com.br\/index.php\/wp-json\/wp\/v2\/posts\/28015","targetHints":{"allow":["GET"]}}],"collection":[{"href":"https:\/\/www.oparanews.com.br\/index.php\/wp-json\/wp\/v2\/posts"}],"about":[{"href":"https:\/\/www.oparanews.com.br\/index.php\/wp-json\/wp\/v2\/types\/post"}],"author":[{"embeddable":true,"href":"https:\/\/www.oparanews.com.br\/index.php\/wp-json\/wp\/v2\/users\/2"}],"replies":[{"embeddable":true,"href":"https:\/\/www.oparanews.com.br\/index.php\/wp-json\/wp\/v2\/comments?post=28015"}],"version-history":[{"count":1,"href":"https:\/\/www.oparanews.com.br\/index.php\/wp-json\/wp\/v2\/posts\/28015\/revisions"}],"predecessor-version":[{"id":28017,"href":"https:\/\/www.oparanews.com.br\/index.php\/wp-json\/wp\/v2\/posts\/28015\/revisions\/28017"}],"wp:featuredmedia":[{"embeddable":true,"href":"https:\/\/www.oparanews.com.br\/index.php\/wp-json\/wp\/v2\/media\/28016"}],"wp:attachment":[{"href":"https:\/\/www.oparanews.com.br\/index.php\/wp-json\/wp\/v2\/media?parent=28015"}],"wp:term":[{"taxonomy":"category","embeddable":true,"href":"https:\/\/www.oparanews.com.br\/index.php\/wp-json\/wp\/v2\/categories?post=28015"},{"taxonomy":"post_tag","embeddable":true,"href":"https:\/\/www.oparanews.com.br\/index.php\/wp-json\/wp\/v2\/tags?post=28015"}],"curies":[{"name":"wp","href":"https:\/\/api.w.org\/{rel}","templated":true}]}}