{"id":28018,"date":"2023-05-03T13:53:10","date_gmt":"2023-05-03T16:53:10","guid":{"rendered":"https:\/\/www.oparanews.com.br\/?p=28018"},"modified":"2023-05-03T13:53:10","modified_gmt":"2023-05-03T16:53:10","slug":"festa-literaria-de-penedo-promove-diversao-e-contacao-de-historias-para-criancas","status":"publish","type":"post","link":"https:\/\/www.oparanews.com.br\/index.php\/2023\/05\/03\/festa-literaria-de-penedo-promove-diversao-e-contacao-de-historias-para-criancas\/","title":{"rendered":"Festa Liter\u00e1ria de Penedo promove divers\u00e3o e conta\u00e7\u00e3o de hist\u00f3rias para crian\u00e7as"},"content":{"rendered":"<p>A abertura da Festa Liter\u00e1ria de Penedo lotou o Centro de Conven\u00e7\u00f5es e Eventos Comendador Zeca Peixoto nesta quarta-feira, 03.<\/p>\n<p>&nbsp;<\/p>\n<p>Centenas de crian\u00e7as do ensino infantil foram transportadas das escolas da rede p\u00fablica municipal para se divertir e aprender no amplo, confort\u00e1vel e climatizado espa\u00e7o onde funcionou o antigo Cinema S\u00e3o Francisco.<\/p>\n<p>&nbsp;<\/p>\n<p>A atividade extraclasse proporcionada pela FliPenedo colocou no palco a equipe coordenada por F\u00e1tima Maia, escritora e compositora.<\/p>\n<p><a href=\"http:\/\/www.oparanews.com.br\/wp-content\/uploads\/2023\/05\/flipenedo-2023-contacao-historias-8.jpeg\"><img loading=\"lazy\" decoding=\"async\" class=\"aligncenter size-full wp-image-28020\" src=\"http:\/\/www.oparanews.com.br\/wp-content\/uploads\/2023\/05\/flipenedo-2023-contacao-historias-8.jpeg\" alt=\"\" width=\"1600\" height=\"1066\" srcset=\"https:\/\/www.oparanews.com.br\/wp-content\/uploads\/2023\/05\/flipenedo-2023-contacao-historias-8.jpeg 1600w, https:\/\/www.oparanews.com.br\/wp-content\/uploads\/2023\/05\/flipenedo-2023-contacao-historias-8-300x200.jpeg 300w, https:\/\/www.oparanews.com.br\/wp-content\/uploads\/2023\/05\/flipenedo-2023-contacao-historias-8-1024x682.jpeg 1024w, https:\/\/www.oparanews.com.br\/wp-content\/uploads\/2023\/05\/flipenedo-2023-contacao-historias-8-768x512.jpeg 768w, https:\/\/www.oparanews.com.br\/wp-content\/uploads\/2023\/05\/flipenedo-2023-contacao-historias-8-1536x1023.jpeg 1536w\" sizes=\"auto, (max-width: 1600px) 100vw, 1600px\" \/><\/a><\/p>\n<p>A autora dos livros A Hist\u00f3ria de Tatibitati e Criar e Recrear entreteve a plateia com m\u00fasica, teatro e muita anima\u00e7\u00e3o no trabalho que informa sobre natureza e folclore, com duas apresenta\u00e7\u00f5es na manh\u00e3 de hoje e outra \u00e0s 14h30, todas no Centro de Conven\u00e7\u00f5es.<\/p>\n<p>&nbsp;<\/p>\n<p>De forma in\u00e9dita, a FliPenedo descentralizou atividades em sua segunda edi\u00e7\u00e3o e levou a educadora social Vera Leide Nazar\u00e9 at\u00e9 o Centro Juvenil Maria Auxiliadora, na Vila Matias.<\/p>\n<p>&nbsp;<\/p>\n<p>Crian\u00e7as e adolescentes atendidas na institui\u00e7\u00e3o de assist\u00eancia social situada na parte alta da cidade, participaram das atividades de conta\u00e7\u00e3o de hist\u00f3rias e educa\u00e7\u00e3o art\u00edstica, apresentadas como ferramentas de inclus\u00e3o social.<\/p>\n<p><a href=\"http:\/\/www.oparanews.com.br\/wp-content\/uploads\/2023\/05\/flipenedo-2023-contacao-historias-6.jpeg\"><img loading=\"lazy\" decoding=\"async\" class=\"aligncenter size-full wp-image-28021\" src=\"http:\/\/www.oparanews.com.br\/wp-content\/uploads\/2023\/05\/flipenedo-2023-contacao-historias-6.jpeg\" alt=\"\" width=\"1600\" height=\"1066\" srcset=\"https:\/\/www.oparanews.com.br\/wp-content\/uploads\/2023\/05\/flipenedo-2023-contacao-historias-6.jpeg 1600w, https:\/\/www.oparanews.com.br\/wp-content\/uploads\/2023\/05\/flipenedo-2023-contacao-historias-6-300x200.jpeg 300w, https:\/\/www.oparanews.com.br\/wp-content\/uploads\/2023\/05\/flipenedo-2023-contacao-historias-6-1024x682.jpeg 1024w, https:\/\/www.oparanews.com.br\/wp-content\/uploads\/2023\/05\/flipenedo-2023-contacao-historias-6-768x512.jpeg 768w, https:\/\/www.oparanews.com.br\/wp-content\/uploads\/2023\/05\/flipenedo-2023-contacao-historias-6-1536x1023.jpeg 1536w\" sizes=\"auto, (max-width: 1600px) 100vw, 1600px\" \/><\/a><\/p>\n<p><strong>Oralituras<\/strong><\/p>\n<p>&nbsp;<\/p>\n<p>O primeiro dia da FliPenedo 2023 reserva ainda atra\u00e7\u00f5es para outros p\u00fablicos, al\u00e9m do infanto-juvenil. Logo mais \u00e0 tarde, as alagoanas Arriete Vilela (escritora) e as multiartistas Linete Matias e Vit\u00f3ria Rodrigues participam da Mesa Oralituras, \u00e0s 14 horas, no Theatro Sete de Setembro.<\/p>\n<p><a href=\"http:\/\/www.oparanews.com.br\/wp-content\/uploads\/2023\/05\/card-linete-vitoria.jpeg\"><img loading=\"lazy\" decoding=\"async\" class=\"aligncenter size-full wp-image-28022\" src=\"http:\/\/www.oparanews.com.br\/wp-content\/uploads\/2023\/05\/card-linete-vitoria.jpeg\" alt=\"\" width=\"900\" height=\"1600\" srcset=\"https:\/\/www.oparanews.com.br\/wp-content\/uploads\/2023\/05\/card-linete-vitoria.jpeg 900w, https:\/\/www.oparanews.com.br\/wp-content\/uploads\/2023\/05\/card-linete-vitoria-169x300.jpeg 169w, https:\/\/www.oparanews.com.br\/wp-content\/uploads\/2023\/05\/card-linete-vitoria-576x1024.jpeg 576w, https:\/\/www.oparanews.com.br\/wp-content\/uploads\/2023\/05\/card-linete-vitoria-768x1365.jpeg 768w, https:\/\/www.oparanews.com.br\/wp-content\/uploads\/2023\/05\/card-linete-vitoria-864x1536.jpeg 864w\" sizes=\"auto, (max-width: 900px) 100vw, 900px\" \/><\/a><\/p>\n<p>Linete e Vit\u00f3ria tamb\u00e9m se apresentam no Centro de Conven\u00e7\u00f5es, \u00e0s 21 horas, com o show que encerra a programa\u00e7\u00e3o de hoje.<\/p>\n<p>&nbsp;<\/p>\n<p>Al\u00e9m dessas atra\u00e7\u00f5es, todas abertas ao p\u00fablico, a Festa Liter\u00e1ria de Penedo tem ainda nesta quarta, 03, debate sobre o poeta alagoano Jorge de Lima no Theatro Sete de Setembro (15 horas) e sobre o escritor e historiador penedense Ernani M\u00e9ro, logo ap\u00f3s a abertura oficial da FliPenedo, \u00e0s 18 horas, no primeiro teatro constru\u00eddo em Alagoas.<\/p>\n<p>&nbsp;<\/p>\n<p>Confira a programa\u00e7\u00e3o completa da <a href=\"https:\/\/penedo.al.gov.br\/2023\/04\/25\/zeca-baleiro-e-atracao-artistica-nacional-da-flipenedo-2023\/\"><strong>FliPenedo 2023 clicando aqui<\/strong><\/a><\/p>\n<p>&nbsp;<\/p>\n<p>&nbsp;<\/p>\n<p><strong>Fonte: Secom PMP<\/strong><\/p>\n<p>&nbsp;<\/p>\n","protected":false},"excerpt":{"rendered":"<p>A abertura da Festa Liter\u00e1ria de Penedo lotou o Centro de Conven\u00e7\u00f5es e Eventos Comendador Zeca Peixoto nesta quarta-feira, 03. &nbsp; Centenas de crian\u00e7as do ensino infantil foram transportadas das escolas da rede p\u00fablica municipal para se divertir e aprender no amplo, confort\u00e1vel e climatizado espa\u00e7o onde funcionou o antigo Cinema S\u00e3o Francisco. &nbsp; A &hellip;<\/p>\n","protected":false},"author":2,"featured_media":28019,"comment_status":"open","ping_status":"open","sticky":false,"template":"","format":"standard","meta":{"_jetpack_memberships_contains_paid_content":false,"footnotes":""},"categories":[1,3],"tags":[],"class_list":["post-28018","post","type-post","status-publish","format-standard","has-post-thumbnail","hentry","category-destaque","category-penedo"],"jetpack_featured_media_url":"https:\/\/www.oparanews.com.br\/wp-content\/uploads\/2023\/05\/flipenedo-2023-contacao-historias.jpeg","jetpack_sharing_enabled":true,"_links":{"self":[{"href":"https:\/\/www.oparanews.com.br\/index.php\/wp-json\/wp\/v2\/posts\/28018","targetHints":{"allow":["GET"]}}],"collection":[{"href":"https:\/\/www.oparanews.com.br\/index.php\/wp-json\/wp\/v2\/posts"}],"about":[{"href":"https:\/\/www.oparanews.com.br\/index.php\/wp-json\/wp\/v2\/types\/post"}],"author":[{"embeddable":true,"href":"https:\/\/www.oparanews.com.br\/index.php\/wp-json\/wp\/v2\/users\/2"}],"replies":[{"embeddable":true,"href":"https:\/\/www.oparanews.com.br\/index.php\/wp-json\/wp\/v2\/comments?post=28018"}],"version-history":[{"count":1,"href":"https:\/\/www.oparanews.com.br\/index.php\/wp-json\/wp\/v2\/posts\/28018\/revisions"}],"predecessor-version":[{"id":28023,"href":"https:\/\/www.oparanews.com.br\/index.php\/wp-json\/wp\/v2\/posts\/28018\/revisions\/28023"}],"wp:featuredmedia":[{"embeddable":true,"href":"https:\/\/www.oparanews.com.br\/index.php\/wp-json\/wp\/v2\/media\/28019"}],"wp:attachment":[{"href":"https:\/\/www.oparanews.com.br\/index.php\/wp-json\/wp\/v2\/media?parent=28018"}],"wp:term":[{"taxonomy":"category","embeddable":true,"href":"https:\/\/www.oparanews.com.br\/index.php\/wp-json\/wp\/v2\/categories?post=28018"},{"taxonomy":"post_tag","embeddable":true,"href":"https:\/\/www.oparanews.com.br\/index.php\/wp-json\/wp\/v2\/tags?post=28018"}],"curies":[{"name":"wp","href":"https:\/\/api.w.org\/{rel}","templated":true}]}}