{"id":28024,"date":"2023-05-03T13:54:28","date_gmt":"2023-05-03T16:54:28","guid":{"rendered":"https:\/\/www.oparanews.com.br\/?p=28024"},"modified":"2023-05-03T13:54:28","modified_gmt":"2023-05-03T16:54:28","slug":"vacina-oral-contra-poliomielite-e-suspensa-por-20-dias-informa-o-ministerio-da-saude","status":"publish","type":"post","link":"https:\/\/www.oparanews.com.br\/index.php\/2023\/05\/03\/vacina-oral-contra-poliomielite-e-suspensa-por-20-dias-informa-o-ministerio-da-saude\/","title":{"rendered":"Vacina oral contra poliomielite \u00e9 suspensa por 20 dias, informa o Minist\u00e9rio da Sa\u00fade"},"content":{"rendered":"<p>O Minist\u00e9rio da Sa\u00fade informa aos estados e munic\u00edpios que a distribui\u00e7\u00e3o da vacina oral contra poliomielite, popularmente conhecida como gotinha, est\u00e1 suspensa por aproximadamente 20 dias.<\/p>\n<p>&nbsp;<\/p>\n<p>O Departamento de Imuniza\u00e7\u00e3o e Doen\u00e7as Imunopreven\u00edveis e a Secretaria de Vigil\u00e2ncia em Sa\u00fade e Ambiente do governo federal informam que as 26 milh\u00f5es de doses de vacina oral adquiridas para atender a rotina de vacina\u00e7\u00e3o das crian\u00e7as est\u00e3o sob an\u00e1lise de controle de qualidade.<\/p>\n<p>&nbsp;<\/p>\n<p>Por este motivo, n\u00e3o h\u00e1 vacina oral contra p\u00f3lio nas unidades de sa\u00fade do munic\u00edpio de Penedo e, enquanto a an\u00e1lise do Minist\u00e9rio da Sa\u00fade n\u00e3o for conclu\u00edda, ser\u00e1 realizada busca ativa das crian\u00e7as que por algum motivo ainda n\u00e3o completaram o esquema vacinal prim\u00e1rio com a vacina inativada poliomielite (VIP), aplicada com uso de seringa.<\/p>\n<p>&nbsp;<\/p>\n<p>A vacina contra a poliomielite protege as crian\u00e7as contra a doen\u00e7a tamb\u00e9m conhecida como paralisia infantil e protege contra tr\u00eas tipos diferentes do v\u00edrus que provoca comprometimento do sistema nervoso, levando \u00e0 paralisia de membros e altera\u00e7\u00f5es nos movimentos e, em alguns casos, pode at\u00e9 ser fatal.<\/p>\n<p>&nbsp;<\/p>\n<p>A vacina tipo VIP (aplicada com seringa) \u00e9 aplicada aos 2, 4 e 6 meses de idade da crian\u00e7a, sendo o esquema vacinal conclu\u00eddo com dose de refor\u00e7o da gotinha aos 15 meses e aos 4 anos de idade.<\/p>\n<p>&nbsp;<\/p>\n<p>&nbsp;<\/p>\n<p>&nbsp;<\/p>\n<p><strong>Fonte: Secom PMP<\/strong><\/p>\n<p>&nbsp;<\/p>\n","protected":false},"excerpt":{"rendered":"<p>O Minist\u00e9rio da Sa\u00fade informa aos estados e munic\u00edpios que a distribui\u00e7\u00e3o da vacina oral contra poliomielite, popularmente conhecida como gotinha, est\u00e1 suspensa por aproximadamente 20 dias. &nbsp; O Departamento de Imuniza\u00e7\u00e3o e Doen\u00e7as Imunopreven\u00edveis e a Secretaria de Vigil\u00e2ncia em Sa\u00fade e Ambiente do governo federal informam que as 26 milh\u00f5es de doses de &hellip;<\/p>\n","protected":false},"author":2,"featured_media":28025,"comment_status":"open","ping_status":"open","sticky":false,"template":"","format":"standard","meta":{"_jetpack_memberships_contains_paid_content":false,"footnotes":""},"categories":[1,3],"tags":[],"class_list":["post-28024","post","type-post","status-publish","format-standard","has-post-thumbnail","hentry","category-destaque","category-penedo"],"jetpack_featured_media_url":"https:\/\/www.oparanews.com.br\/wp-content\/uploads\/2023\/05\/vacina-polio.jpg","jetpack_sharing_enabled":true,"_links":{"self":[{"href":"https:\/\/www.oparanews.com.br\/index.php\/wp-json\/wp\/v2\/posts\/28024","targetHints":{"allow":["GET"]}}],"collection":[{"href":"https:\/\/www.oparanews.com.br\/index.php\/wp-json\/wp\/v2\/posts"}],"about":[{"href":"https:\/\/www.oparanews.com.br\/index.php\/wp-json\/wp\/v2\/types\/post"}],"author":[{"embeddable":true,"href":"https:\/\/www.oparanews.com.br\/index.php\/wp-json\/wp\/v2\/users\/2"}],"replies":[{"embeddable":true,"href":"https:\/\/www.oparanews.com.br\/index.php\/wp-json\/wp\/v2\/comments?post=28024"}],"version-history":[{"count":1,"href":"https:\/\/www.oparanews.com.br\/index.php\/wp-json\/wp\/v2\/posts\/28024\/revisions"}],"predecessor-version":[{"id":28026,"href":"https:\/\/www.oparanews.com.br\/index.php\/wp-json\/wp\/v2\/posts\/28024\/revisions\/28026"}],"wp:featuredmedia":[{"embeddable":true,"href":"https:\/\/www.oparanews.com.br\/index.php\/wp-json\/wp\/v2\/media\/28025"}],"wp:attachment":[{"href":"https:\/\/www.oparanews.com.br\/index.php\/wp-json\/wp\/v2\/media?parent=28024"}],"wp:term":[{"taxonomy":"category","embeddable":true,"href":"https:\/\/www.oparanews.com.br\/index.php\/wp-json\/wp\/v2\/categories?post=28024"},{"taxonomy":"post_tag","embeddable":true,"href":"https:\/\/www.oparanews.com.br\/index.php\/wp-json\/wp\/v2\/tags?post=28024"}],"curies":[{"name":"wp","href":"https:\/\/api.w.org\/{rel}","templated":true}]}}