{"id":28040,"date":"2023-05-04T17:23:07","date_gmt":"2023-05-04T20:23:07","guid":{"rendered":"https:\/\/www.oparanews.com.br\/?p=28040"},"modified":"2023-05-04T17:23:07","modified_gmt":"2023-05-04T20:23:07","slug":"prefeitura-de-penedo-e-senac-formalizam-convenio-para-oferta-de-cursos-gratuitos","status":"publish","type":"post","link":"https:\/\/www.oparanews.com.br\/index.php\/2023\/05\/04\/prefeitura-de-penedo-e-senac-formalizam-convenio-para-oferta-de-cursos-gratuitos\/","title":{"rendered":"Prefeitura de Penedo e Senac formalizam conv\u00eanio para oferta de cursos gratuitos"},"content":{"rendered":"<p>A parceria que promove cursos profissionalizantes gratuitos em Penedo est\u00e1 sendo ampliada. Nesta quinta-feira, 04, o Prefeito Ronaldo Lopes assinou o conv\u00eanio com o Senac Alagoas, institui\u00e7\u00e3o que forma m\u00e3o de obra qualificada e incentiva o empreendedorismo.<\/p>\n<p>&nbsp;<\/p>\n<p>No gabinete do gestor que se empenha em viabilizar o desenvolvimento do munic\u00edpio, a formaliza\u00e7\u00e3o do trabalho conjunto reuniu membros da gest\u00e3o Ronaldo Lopes\/Jo\u00e3o Lucas e do Senac Alagoas.<\/p>\n<p>&nbsp;<\/p>\n<p>\u201cEsta parceria \u00e9 de extrema import\u00e2ncia para a popula\u00e7\u00e3o de Penedo porque estamos viabilizando, com o Senac, cursos que preparam as pessoas, especialmente, as mais jovens de nossa cidade, para o mercado de trabalho\u201d, afirma Ronaldo Lopes.<\/p>\n<p>&nbsp;<\/p>\n<p>O Prefeito de Penedo frisou ainda o trabalho que a gest\u00e3o municipal j\u00e1 desenvolve com outras institui\u00e7\u00f5es do Sistema S, citando o Senar \u2013 com diversos cursos realizados para moradores da zona rural \u2013 e, em breve, com o Senai.<\/p>\n<p>&nbsp;<\/p>\n<p>A meta \u00e9 ter laborat\u00f3rios permanentes do Senai funcionando em escola da rede p\u00fablica municipal, no sistema de tempo integral, mais um avan\u00e7o do governo Penedo, Crescendo Com Seu Povo.<\/p>\n<p>&nbsp;<\/p>\n<p>&nbsp;<\/p>\n<p><strong>Fonte: Secom PMP<\/strong><\/p>\n<p>&nbsp;<\/p>\n","protected":false},"excerpt":{"rendered":"<p>A parceria que promove cursos profissionalizantes gratuitos em Penedo est\u00e1 sendo ampliada. Nesta quinta-feira, 04, o Prefeito Ronaldo Lopes assinou o conv\u00eanio com o Senac Alagoas, institui\u00e7\u00e3o que forma m\u00e3o de obra qualificada e incentiva o empreendedorismo. &nbsp; No gabinete do gestor que se empenha em viabilizar o desenvolvimento do munic\u00edpio, a formaliza\u00e7\u00e3o do trabalho &hellip;<\/p>\n","protected":false},"author":2,"featured_media":28041,"comment_status":"open","ping_status":"open","sticky":false,"template":"","format":"standard","meta":{"_jetpack_memberships_contains_paid_content":false,"footnotes":""},"categories":[1,3],"tags":[],"class_list":["post-28040","post","type-post","status-publish","format-standard","has-post-thumbnail","hentry","category-destaque","category-penedo"],"jetpack_featured_media_url":"https:\/\/www.oparanews.com.br\/wp-content\/uploads\/2023\/05\/prefeitura-penedo-senac-convenio.jpg","jetpack_sharing_enabled":true,"_links":{"self":[{"href":"https:\/\/www.oparanews.com.br\/index.php\/wp-json\/wp\/v2\/posts\/28040","targetHints":{"allow":["GET"]}}],"collection":[{"href":"https:\/\/www.oparanews.com.br\/index.php\/wp-json\/wp\/v2\/posts"}],"about":[{"href":"https:\/\/www.oparanews.com.br\/index.php\/wp-json\/wp\/v2\/types\/post"}],"author":[{"embeddable":true,"href":"https:\/\/www.oparanews.com.br\/index.php\/wp-json\/wp\/v2\/users\/2"}],"replies":[{"embeddable":true,"href":"https:\/\/www.oparanews.com.br\/index.php\/wp-json\/wp\/v2\/comments?post=28040"}],"version-history":[{"count":1,"href":"https:\/\/www.oparanews.com.br\/index.php\/wp-json\/wp\/v2\/posts\/28040\/revisions"}],"predecessor-version":[{"id":28043,"href":"https:\/\/www.oparanews.com.br\/index.php\/wp-json\/wp\/v2\/posts\/28040\/revisions\/28043"}],"wp:featuredmedia":[{"embeddable":true,"href":"https:\/\/www.oparanews.com.br\/index.php\/wp-json\/wp\/v2\/media\/28041"}],"wp:attachment":[{"href":"https:\/\/www.oparanews.com.br\/index.php\/wp-json\/wp\/v2\/media?parent=28040"}],"wp:term":[{"taxonomy":"category","embeddable":true,"href":"https:\/\/www.oparanews.com.br\/index.php\/wp-json\/wp\/v2\/categories?post=28040"},{"taxonomy":"post_tag","embeddable":true,"href":"https:\/\/www.oparanews.com.br\/index.php\/wp-json\/wp\/v2\/tags?post=28040"}],"curies":[{"name":"wp","href":"https:\/\/api.w.org\/{rel}","templated":true}]}}