{"id":28044,"date":"2023-05-04T17:24:38","date_gmt":"2023-05-04T20:24:38","guid":{"rendered":"https:\/\/www.oparanews.com.br\/?p=28044"},"modified":"2023-05-04T17:24:38","modified_gmt":"2023-05-04T20:24:38","slug":"prefeitura-e-instituto-penedo-previdencia-aderem-ao-pro-gestao","status":"publish","type":"post","link":"https:\/\/www.oparanews.com.br\/index.php\/2023\/05\/04\/prefeitura-e-instituto-penedo-previdencia-aderem-ao-pro-gestao\/","title":{"rendered":"Prefeitura e Instituto Penedo Previd\u00eancia aderem ao Pr\u00f3-Gest\u00e3o"},"content":{"rendered":"<p>A Prefeitura de Penedo e o Instituto Penedo Previd\u00eancia aderiram ao Pr\u00f3-Gest\u00e3o, termo assinado no final do m\u00eas de abril pelo Prefeito Ronaldo Lopes e o Diretor Presidente Alfredo Pereira que confere ao instituto mais controle e total transpar\u00eancia nos atos de gest\u00e3o.<\/p>\n<p>&nbsp;<\/p>\n<p>O Pr\u00f3-Gest\u00e3o foi criado em 2015, com o objetivo de incentivar os Regimes Pr\u00f3prios de Previd\u00eancia Social a adotarem melhores pr\u00e1ticas de gest\u00e3o previdenci\u00e1ria, de forma a proporcionar maior controle dos seus ativos e passivos e a conferir mais transpar\u00eancia no relacionamento com os segurados e a sociedade.<\/p>\n<p>&nbsp;<\/p>\n<p>\u201cO Pr\u00f3-Gest\u00e3o otimiza instrumentos que permitem aos servidores acompanhar, avaliar e sugerir a\u00e7\u00f5es que possam alavancar ainda mais os investimentos sob a gest\u00e3o do Instituto. A ades\u00e3o ao sistema demonstra o interesse do Penedo Previd\u00eancia no aprimoramento e implanta\u00e7\u00e3o de a\u00e7\u00f5es de moderniza\u00e7\u00e3o da gest\u00e3o\u201d, disse Alfredo Pereira<\/p>\n<p>&nbsp;<\/p>\n<p>\u201cEstamos buscamos inova\u00e7\u00e3o, compet\u00eancia, \u00e9tica e transpar\u00eancia e o Pr\u00f3-Gest\u00e3o \u00e9 um mecanismo bastante eficaz de administra\u00e7\u00e3o, controle e cuidado com os recursos investidos pelo munic\u00edpio, respeitando e, principalmente, dando a aten\u00e7\u00e3o que as pessoas merecem\u201d, finalizou.<\/p>\n<p>&nbsp;<\/p>\n<p>&nbsp;<\/p>\n<p>&nbsp;<\/p>\n<p><strong>Fonte: Secom PMP<\/strong><\/p>\n<p>&nbsp;<\/p>\n","protected":false},"excerpt":{"rendered":"<p>A Prefeitura de Penedo e o Instituto Penedo Previd\u00eancia aderiram ao Pr\u00f3-Gest\u00e3o, termo assinado no final do m\u00eas de abril pelo Prefeito Ronaldo Lopes e o Diretor Presidente Alfredo Pereira que confere ao instituto mais controle e total transpar\u00eancia nos atos de gest\u00e3o. &nbsp; O Pr\u00f3-Gest\u00e3o foi criado em 2015, com o objetivo de incentivar &hellip;<\/p>\n","protected":false},"author":2,"featured_media":28045,"comment_status":"open","ping_status":"open","sticky":false,"template":"","format":"standard","meta":{"_jetpack_memberships_contains_paid_content":false,"footnotes":""},"categories":[1,3],"tags":[],"class_list":["post-28044","post","type-post","status-publish","format-standard","has-post-thumbnail","hentry","category-destaque","category-penedo"],"jetpack_featured_media_url":"https:\/\/www.oparanews.com.br\/wp-content\/uploads\/2023\/05\/Sem-titulo-1.png","jetpack_sharing_enabled":true,"_links":{"self":[{"href":"https:\/\/www.oparanews.com.br\/index.php\/wp-json\/wp\/v2\/posts\/28044","targetHints":{"allow":["GET"]}}],"collection":[{"href":"https:\/\/www.oparanews.com.br\/index.php\/wp-json\/wp\/v2\/posts"}],"about":[{"href":"https:\/\/www.oparanews.com.br\/index.php\/wp-json\/wp\/v2\/types\/post"}],"author":[{"embeddable":true,"href":"https:\/\/www.oparanews.com.br\/index.php\/wp-json\/wp\/v2\/users\/2"}],"replies":[{"embeddable":true,"href":"https:\/\/www.oparanews.com.br\/index.php\/wp-json\/wp\/v2\/comments?post=28044"}],"version-history":[{"count":1,"href":"https:\/\/www.oparanews.com.br\/index.php\/wp-json\/wp\/v2\/posts\/28044\/revisions"}],"predecessor-version":[{"id":28046,"href":"https:\/\/www.oparanews.com.br\/index.php\/wp-json\/wp\/v2\/posts\/28044\/revisions\/28046"}],"wp:featuredmedia":[{"embeddable":true,"href":"https:\/\/www.oparanews.com.br\/index.php\/wp-json\/wp\/v2\/media\/28045"}],"wp:attachment":[{"href":"https:\/\/www.oparanews.com.br\/index.php\/wp-json\/wp\/v2\/media?parent=28044"}],"wp:term":[{"taxonomy":"category","embeddable":true,"href":"https:\/\/www.oparanews.com.br\/index.php\/wp-json\/wp\/v2\/categories?post=28044"},{"taxonomy":"post_tag","embeddable":true,"href":"https:\/\/www.oparanews.com.br\/index.php\/wp-json\/wp\/v2\/tags?post=28044"}],"curies":[{"name":"wp","href":"https:\/\/api.w.org\/{rel}","templated":true}]}}