{"id":28070,"date":"2023-05-08T15:58:39","date_gmt":"2023-05-08T18:58:39","guid":{"rendered":"https:\/\/www.oparanews.com.br\/?p=28070"},"modified":"2023-05-08T15:58:39","modified_gmt":"2023-05-08T18:58:39","slug":"segunda-edicao-da-flipenedo-confirma-sucesso-do-evento","status":"publish","type":"post","link":"https:\/\/www.oparanews.com.br\/index.php\/2023\/05\/08\/segunda-edicao-da-flipenedo-confirma-sucesso-do-evento\/","title":{"rendered":"Segunda edi\u00e7\u00e3o da FliPenedo confirma sucesso do evento"},"content":{"rendered":"<p>Com programa\u00e7\u00e3o diversificada e para todos os p\u00fablicos, a segunda edi\u00e7\u00e3o da Festa Liter\u00e1ria de Penedo (FliPenedo) confirma o sucesso da iniciativa do governo Ronaldo Lopes\/Jo\u00e3o Lucas.<\/p>\n<p>&nbsp;<\/p>\n<p>Estudantes de escolas p\u00fablicas e privadas participaram ativamente das conta\u00e7\u00f5es de hist\u00f3ria, lotando o Centro de Conven\u00e7\u00f5es e Eventos Zeca Peixoto. o antigo Cinema S\u00e3o Francisco.<\/p>\n<p>&nbsp;<\/p>\n<p>No Theatro Sete de Setembro, a FliPenedo 2023 manteve o alto n\u00edvel dos debates sobre produ\u00e7\u00e3o liter\u00e1ria, em seus diferentes contextos, com apresenta\u00e7\u00f5es culturais.<\/p>\n<p>&nbsp;<\/p>\n<p>Durante o encerramento da festa liter\u00e1ria, Ronaldo Lopes agradeceu o empenho da equipe da Secretaria Municipal de Cultura, Lazer e Juventude (SEMCLEJ) e das institui\u00e7\u00f5es parceiras, destacando a m\u00eddia gratuita gerada para a cidade preparada para grandes eventos.<\/p>\n<p>&nbsp;<\/p>\n<p>A segunda edi\u00e7\u00e3o da Festa Liter\u00e1ria de Penedo foi encerrada com show do cantor Zeca Baleiro no palco do Largo S\u00e3o Gon\u00e7alo, diante do p\u00fablico que tamb\u00e9m curtiu a tenda liter\u00e1ria.<\/p>\n<p>&nbsp;<\/p>\n<p>&nbsp;<\/p>\n<p>&nbsp;<\/p>\n<p><strong>Fonte: Secom PMP<\/strong><\/p>\n<p>&nbsp;<\/p>\n","protected":false},"excerpt":{"rendered":"<p>Com programa\u00e7\u00e3o diversificada e para todos os p\u00fablicos, a segunda edi\u00e7\u00e3o da Festa Liter\u00e1ria de Penedo (FliPenedo) confirma o sucesso da iniciativa do governo Ronaldo Lopes\/Jo\u00e3o Lucas. &nbsp; Estudantes de escolas p\u00fablicas e privadas participaram ativamente das conta\u00e7\u00f5es de hist\u00f3ria, lotando o Centro de Conven\u00e7\u00f5es e Eventos Zeca Peixoto. o antigo Cinema S\u00e3o Francisco. &nbsp; &hellip;<\/p>\n","protected":false},"author":2,"featured_media":28071,"comment_status":"open","ping_status":"open","sticky":false,"template":"","format":"standard","meta":{"_jetpack_memberships_contains_paid_content":false,"footnotes":""},"categories":[1,3],"tags":[],"class_list":["post-28070","post","type-post","status-publish","format-standard","has-post-thumbnail","hentry","category-destaque","category-penedo"],"jetpack_featured_media_url":"https:\/\/www.oparanews.com.br\/wp-content\/uploads\/2023\/05\/flipenedo-2023-show-zeca-baleiro-18.jpeg","jetpack_sharing_enabled":true,"_links":{"self":[{"href":"https:\/\/www.oparanews.com.br\/index.php\/wp-json\/wp\/v2\/posts\/28070","targetHints":{"allow":["GET"]}}],"collection":[{"href":"https:\/\/www.oparanews.com.br\/index.php\/wp-json\/wp\/v2\/posts"}],"about":[{"href":"https:\/\/www.oparanews.com.br\/index.php\/wp-json\/wp\/v2\/types\/post"}],"author":[{"embeddable":true,"href":"https:\/\/www.oparanews.com.br\/index.php\/wp-json\/wp\/v2\/users\/2"}],"replies":[{"embeddable":true,"href":"https:\/\/www.oparanews.com.br\/index.php\/wp-json\/wp\/v2\/comments?post=28070"}],"version-history":[{"count":1,"href":"https:\/\/www.oparanews.com.br\/index.php\/wp-json\/wp\/v2\/posts\/28070\/revisions"}],"predecessor-version":[{"id":28072,"href":"https:\/\/www.oparanews.com.br\/index.php\/wp-json\/wp\/v2\/posts\/28070\/revisions\/28072"}],"wp:featuredmedia":[{"embeddable":true,"href":"https:\/\/www.oparanews.com.br\/index.php\/wp-json\/wp\/v2\/media\/28071"}],"wp:attachment":[{"href":"https:\/\/www.oparanews.com.br\/index.php\/wp-json\/wp\/v2\/media?parent=28070"}],"wp:term":[{"taxonomy":"category","embeddable":true,"href":"https:\/\/www.oparanews.com.br\/index.php\/wp-json\/wp\/v2\/categories?post=28070"},{"taxonomy":"post_tag","embeddable":true,"href":"https:\/\/www.oparanews.com.br\/index.php\/wp-json\/wp\/v2\/tags?post=28070"}],"curies":[{"name":"wp","href":"https:\/\/api.w.org\/{rel}","templated":true}]}}