{"id":28096,"date":"2023-05-09T07:49:35","date_gmt":"2023-05-09T10:49:35","guid":{"rendered":"https:\/\/www.oparanews.com.br\/?p=28096"},"modified":"2023-05-09T07:49:35","modified_gmt":"2023-05-09T10:49:35","slug":"diretoria-do-penedense-apresenta-elenco-para-a-disputa-da-2a-divisao-de-2023","status":"publish","type":"post","link":"https:\/\/www.oparanews.com.br\/index.php\/2023\/05\/09\/diretoria-do-penedense-apresenta-elenco-para-a-disputa-da-2a-divisao-de-2023\/","title":{"rendered":"Diretoria do Penedense apresenta elenco para a disputa da 2\u00aa divis\u00e3o de 2023"},"content":{"rendered":"<p>Nesta segunda-feira, 08, a diretoria do Sport Club Penedense, clube mais antigo do futebol alagoano, apresentou o elenco de jogadores que ir\u00e3o disputar o Campeonato Alagoano da 2\u00aa divis\u00e3o de 2023.<\/p>\n<p>&nbsp;<\/p>\n<p>A apresenta\u00e7\u00e3o dos atletas e comiss\u00e3o t\u00e9cnica se deu na sede do Sport Club Penedense e contou com a presen\u00e7a de alguns torcedores e a imprensa local.<\/p>\n<p>&nbsp;<\/p>\n<p>Ap\u00f3s a apresenta\u00e7\u00e3o, os jogadores j\u00e1 iniciaram os trabalhos f\u00edsicos no novo gramado do est\u00e1dio Dr. Alfredo Leahy, palco onde clube ir\u00e1 mandar seus jogos na competi\u00e7\u00e3o estadual.<\/p>\n<p>&nbsp;<\/p>\n<p>Nossa reportagem esteve presente na coletiva de imprensa e entrevistou o t\u00e9cnico do clube, Jaelson Macelino, e o experiente e capit\u00e3o do time, Dakson.<\/p>\n<p>&nbsp;<\/p>\n<p>Confira abaixo as entrevistas feita pelo rep\u00f3rter Valdi Fernando:<\/p>\n<p>&nbsp;<\/p>\n<p>&nbsp;<\/p>\n<p><strong>JAELSON MARCELINO &#8211; T\u00c9CNICO DO PENEDENSE<\/strong><br \/>\n<strong><a href=\"http:\/\/www.oparanews.com.br\/wp-content\/uploads\/2023\/05\/PHOTO-2023-05-08-18-23-03-1.jpg\"><img loading=\"lazy\" decoding=\"async\" class=\"alignleft wp-image-28091 size-large\" src=\"http:\/\/www.oparanews.com.br\/wp-content\/uploads\/2023\/05\/PHOTO-2023-05-08-18-23-03-1-1024x449.jpg\" alt=\"\" width=\"1024\" height=\"449\" srcset=\"https:\/\/www.oparanews.com.br\/wp-content\/uploads\/2023\/05\/PHOTO-2023-05-08-18-23-03-1-1024x449.jpg 1024w, https:\/\/www.oparanews.com.br\/wp-content\/uploads\/2023\/05\/PHOTO-2023-05-08-18-23-03-1-300x132.jpg 300w, https:\/\/www.oparanews.com.br\/wp-content\/uploads\/2023\/05\/PHOTO-2023-05-08-18-23-03-1-768x337.jpg 768w, https:\/\/www.oparanews.com.br\/wp-content\/uploads\/2023\/05\/PHOTO-2023-05-08-18-23-03-1-1536x674.jpg 1536w, https:\/\/www.oparanews.com.br\/wp-content\/uploads\/2023\/05\/PHOTO-2023-05-08-18-23-03-1.jpg 1600w\" sizes=\"auto, (max-width: 1024px) 100vw, 1024px\" \/><\/a><br \/>\n<\/strong><\/p>\n<audio class=\"wp-audio-shortcode\" id=\"audio-28096-1\" preload=\"none\" style=\"width: 100%;\" controls=\"controls\"><source type=\"audio\/mpeg\" src=\"http:\/\/www.oparanews.com.br\/wp-content\/uploads\/2023\/05\/AUDIO-JJJAAAAA-PENEDENSE.mp3?_=1\" \/><a href=\"http:\/\/www.oparanews.com.br\/wp-content\/uploads\/2023\/05\/AUDIO-JJJAAAAA-PENEDENSE.mp3\">http:\/\/www.oparanews.com.br\/wp-content\/uploads\/2023\/05\/AUDIO-JJJAAAAA-PENEDENSE.mp3<\/a><\/audio>\n<p>&nbsp;<\/p>\n<p>&nbsp;<\/p>\n<p><strong>JOGADOR DAKSON<\/strong><br \/>\n<strong><a href=\"http:\/\/www.oparanews.com.br\/wp-content\/uploads\/2023\/05\/PHOTO-2023-05-08-18-23-04.jpg\"><img loading=\"lazy\" decoding=\"async\" class=\"alignleft wp-image-28090 size-large\" src=\"http:\/\/www.oparanews.com.br\/wp-content\/uploads\/2023\/05\/PHOTO-2023-05-08-18-23-04-1024x449.jpg\" alt=\"\" width=\"1024\" height=\"449\" srcset=\"https:\/\/www.oparanews.com.br\/wp-content\/uploads\/2023\/05\/PHOTO-2023-05-08-18-23-04-1024x449.jpg 1024w, https:\/\/www.oparanews.com.br\/wp-content\/uploads\/2023\/05\/PHOTO-2023-05-08-18-23-04-300x132.jpg 300w, https:\/\/www.oparanews.com.br\/wp-content\/uploads\/2023\/05\/PHOTO-2023-05-08-18-23-04-768x337.jpg 768w, https:\/\/www.oparanews.com.br\/wp-content\/uploads\/2023\/05\/PHOTO-2023-05-08-18-23-04-1536x674.jpg 1536w, https:\/\/www.oparanews.com.br\/wp-content\/uploads\/2023\/05\/PHOTO-2023-05-08-18-23-04.jpg 1600w\" sizes=\"auto, (max-width: 1024px) 100vw, 1024px\" \/><\/a><br \/>\n<\/strong><\/p>\n<audio class=\"wp-audio-shortcode\" id=\"audio-28096-2\" preload=\"none\" style=\"width: 100%;\" controls=\"controls\"><source type=\"audio\/mpeg\" src=\"http:\/\/www.oparanews.com.br\/wp-content\/uploads\/2023\/05\/AUDIO-DAKSON-PENEDENSE.mp3?_=2\" \/><a href=\"http:\/\/www.oparanews.com.br\/wp-content\/uploads\/2023\/05\/AUDIO-DAKSON-PENEDENSE.mp3\">http:\/\/www.oparanews.com.br\/wp-content\/uploads\/2023\/05\/AUDIO-DAKSON-PENEDENSE.mp3<\/a><\/audio>\n<p>&nbsp;<\/p>\n<p>O Penedense estreia no Alagoano da 2\u00aa divis\u00e3o, jogando em casa, no dia 11 de junho (domingo) contra o Guarany.<\/p>\n<p>&nbsp;<\/p>\n<p>&nbsp;<\/p>\n<p>&nbsp;<\/p>\n<p>&nbsp;<\/p>\n<p><strong>por Reda\u00e7\u00e3o<\/strong><\/p>\n<p>&nbsp;<\/p>\n<p><a href=\"http:\/\/www.oparanews.com.br\/wp-content\/uploads\/2023\/05\/PHOTO-2023-05-08-18-23-02.jpg\"><img loading=\"lazy\" decoding=\"async\" class=\"alignleft size-medium wp-image-28094\" src=\"http:\/\/www.oparanews.com.br\/wp-content\/uploads\/2023\/05\/PHOTO-2023-05-08-18-23-02-300x132.jpg\" alt=\"\" width=\"300\" height=\"132\" srcset=\"https:\/\/www.oparanews.com.br\/wp-content\/uploads\/2023\/05\/PHOTO-2023-05-08-18-23-02-300x132.jpg 300w, https:\/\/www.oparanews.com.br\/wp-content\/uploads\/2023\/05\/PHOTO-2023-05-08-18-23-02-1024x449.jpg 1024w, https:\/\/www.oparanews.com.br\/wp-content\/uploads\/2023\/05\/PHOTO-2023-05-08-18-23-02-768x337.jpg 768w, https:\/\/www.oparanews.com.br\/wp-content\/uploads\/2023\/05\/PHOTO-2023-05-08-18-23-02-1536x674.jpg 1536w, https:\/\/www.oparanews.com.br\/wp-content\/uploads\/2023\/05\/PHOTO-2023-05-08-18-23-02.jpg 1600w\" sizes=\"auto, (max-width: 300px) 100vw, 300px\" \/><\/a><a href=\"http:\/\/www.oparanews.com.br\/wp-content\/uploads\/2023\/05\/PHOTO-2023-05-08-18-23-02-1.jpg\"><img loading=\"lazy\" decoding=\"async\" class=\"alignleft size-medium wp-image-28093\" src=\"http:\/\/www.oparanews.com.br\/wp-content\/uploads\/2023\/05\/PHOTO-2023-05-08-18-23-02-1-300x132.jpg\" alt=\"\" width=\"300\" height=\"132\" srcset=\"https:\/\/www.oparanews.com.br\/wp-content\/uploads\/2023\/05\/PHOTO-2023-05-08-18-23-02-1-300x132.jpg 300w, https:\/\/www.oparanews.com.br\/wp-content\/uploads\/2023\/05\/PHOTO-2023-05-08-18-23-02-1-1024x449.jpg 1024w, https:\/\/www.oparanews.com.br\/wp-content\/uploads\/2023\/05\/PHOTO-2023-05-08-18-23-02-1-768x337.jpg 768w, https:\/\/www.oparanews.com.br\/wp-content\/uploads\/2023\/05\/PHOTO-2023-05-08-18-23-02-1-1536x674.jpg 1536w, https:\/\/www.oparanews.com.br\/wp-content\/uploads\/2023\/05\/PHOTO-2023-05-08-18-23-02-1.jpg 1600w\" sizes=\"auto, (max-width: 300px) 100vw, 300px\" \/><\/a><a href=\"http:\/\/www.oparanews.com.br\/wp-content\/uploads\/2023\/05\/PHOTO-2023-05-08-18-23-03.jpg\"><img loading=\"lazy\" decoding=\"async\" class=\"alignleft size-medium wp-image-28092\" src=\"http:\/\/www.oparanews.com.br\/wp-content\/uploads\/2023\/05\/PHOTO-2023-05-08-18-23-03-300x132.jpg\" alt=\"\" width=\"300\" height=\"132\" srcset=\"https:\/\/www.oparanews.com.br\/wp-content\/uploads\/2023\/05\/PHOTO-2023-05-08-18-23-03-300x132.jpg 300w, https:\/\/www.oparanews.com.br\/wp-content\/uploads\/2023\/05\/PHOTO-2023-05-08-18-23-03-1024x449.jpg 1024w, https:\/\/www.oparanews.com.br\/wp-content\/uploads\/2023\/05\/PHOTO-2023-05-08-18-23-03-768x337.jpg 768w, https:\/\/www.oparanews.com.br\/wp-content\/uploads\/2023\/05\/PHOTO-2023-05-08-18-23-03-1536x674.jpg 1536w, https:\/\/www.oparanews.com.br\/wp-content\/uploads\/2023\/05\/PHOTO-2023-05-08-18-23-03.jpg 1600w\" sizes=\"auto, (max-width: 300px) 100vw, 300px\" \/><\/a><\/p>\n<p>&nbsp;<\/p>\n<p>&nbsp;<\/p>\n<p>&nbsp;<\/p>\n<p>&nbsp;<\/p>\n<p>&nbsp;<\/p>\n<p>&nbsp;<\/p>\n<p>&nbsp;<\/p>\n<p>&nbsp;<\/p>\n","protected":false},"excerpt":{"rendered":"<p>Nesta segunda-feira, 08, a diretoria do Sport Club Penedense, clube mais antigo do futebol alagoano, apresentou o elenco de jogadores que ir\u00e3o disputar o Campeonato Alagoano da 2\u00aa divis\u00e3o de 2023. &nbsp; A apresenta\u00e7\u00e3o dos atletas e comiss\u00e3o t\u00e9cnica se deu na sede do Sport Club Penedense e contou com a presen\u00e7a de alguns torcedores &hellip;<\/p>\n","protected":false},"author":2,"featured_media":28094,"comment_status":"open","ping_status":"open","sticky":false,"template":"","format":"standard","meta":{"_jetpack_memberships_contains_paid_content":false,"footnotes":""},"categories":[1,6,3],"tags":[],"class_list":["post-28096","post","type-post","status-publish","format-standard","has-post-thumbnail","hentry","category-destaque","category-esporte","category-penedo"],"jetpack_featured_media_url":"https:\/\/www.oparanews.com.br\/wp-content\/uploads\/2023\/05\/PHOTO-2023-05-08-18-23-02.jpg","jetpack_sharing_enabled":true,"_links":{"self":[{"href":"https:\/\/www.oparanews.com.br\/index.php\/wp-json\/wp\/v2\/posts\/28096","targetHints":{"allow":["GET"]}}],"collection":[{"href":"https:\/\/www.oparanews.com.br\/index.php\/wp-json\/wp\/v2\/posts"}],"about":[{"href":"https:\/\/www.oparanews.com.br\/index.php\/wp-json\/wp\/v2\/types\/post"}],"author":[{"embeddable":true,"href":"https:\/\/www.oparanews.com.br\/index.php\/wp-json\/wp\/v2\/users\/2"}],"replies":[{"embeddable":true,"href":"https:\/\/www.oparanews.com.br\/index.php\/wp-json\/wp\/v2\/comments?post=28096"}],"version-history":[{"count":4,"href":"https:\/\/www.oparanews.com.br\/index.php\/wp-json\/wp\/v2\/posts\/28096\/revisions"}],"predecessor-version":[{"id":28100,"href":"https:\/\/www.oparanews.com.br\/index.php\/wp-json\/wp\/v2\/posts\/28096\/revisions\/28100"}],"wp:featuredmedia":[{"embeddable":true,"href":"https:\/\/www.oparanews.com.br\/index.php\/wp-json\/wp\/v2\/media\/28094"}],"wp:attachment":[{"href":"https:\/\/www.oparanews.com.br\/index.php\/wp-json\/wp\/v2\/media?parent=28096"}],"wp:term":[{"taxonomy":"category","embeddable":true,"href":"https:\/\/www.oparanews.com.br\/index.php\/wp-json\/wp\/v2\/categories?post=28096"},{"taxonomy":"post_tag","embeddable":true,"href":"https:\/\/www.oparanews.com.br\/index.php\/wp-json\/wp\/v2\/tags?post=28096"}],"curies":[{"name":"wp","href":"https:\/\/api.w.org\/{rel}","templated":true}]}}