{"id":28101,"date":"2023-05-10T10:51:18","date_gmt":"2023-05-10T13:51:18","guid":{"rendered":"https:\/\/www.oparanews.com.br\/?p=28101"},"modified":"2023-05-10T10:51:18","modified_gmt":"2023-05-10T13:51:18","slug":"alagoas-mais-verde-planta-mudas-de-arvores-nativas-as-margens-da-rodovia-penedo-pindorama","status":"publish","type":"post","link":"https:\/\/www.oparanews.com.br\/index.php\/2023\/05\/10\/alagoas-mais-verde-planta-mudas-de-arvores-nativas-as-margens-da-rodovia-penedo-pindorama\/","title":{"rendered":"Alagoas Mais Verde planta mudas de \u00e1rvores nativas \u00e0s margens da rodovia Penedo-Pindorama"},"content":{"rendered":"<p>Cerca de 250 mudas de \u00e1rvores nativas da Mata Atl\u00e2ntica e de uma esp\u00e9cie frut\u00edfera (jenipapo) foram plantadas nesta ter\u00e7a-feira, 09, \u00e0s margens da rodovia AL 105, que liga Penedo \u00e0 Cooperativa Pindorama.<\/p>\n<p>&nbsp;<\/p>\n<p>A arboriza\u00e7\u00e3o \u00e9 mais uma iniciativa do Programa Alagoas Mais Verde em Penedo, realizado pelo Instituto de Meio Ambiente (IMA) e a Secretaria Municipal de Meio Ambiente e Recursos H\u00eddricos (Semarh).<\/p>\n<p>&nbsp;<\/p>\n<p>A parceria entre os setores dos governos estadual e municipal tamb\u00e9m acontece na \u00e1rea urbana, revitalizando canteiros, pra\u00e7as e logradouros de Penedo.<\/p>\n<p>&nbsp;<\/p>\n<p>\u201cA Semarh criou uma equipe que faz a manuten\u00e7\u00e3o e o replantio das mudas, evitando perdas por a\u00e7\u00e3o de formigas e mantendo os canteiros da forma devida, mas tamb\u00e9m precisamos que a popula\u00e7\u00e3o colabore nesse sentido de preservar as mudas onde estamos plantando\u201d, explica Deysiane Nunes, assessora t\u00e9cnica ambiental da Semarh Penedo.<\/p>\n<p>&nbsp;<\/p>\n<p>Somente com a a\u00e7\u00e3o realizada hoje, foram plantadas 80 mudas de ip\u00ea rosa, 41 de ip\u00ea roxo, 50 de canaf\u00edstula, 19 de angico e 60 de jenipapo.<\/p>\n<p>&nbsp;<\/p>\n<p>O trabalho conjunto melhora a qualidade de vida e torna a cidade mais bonita e arejada tem como meta plantar cinco mil mudas em Penedo at\u00e9 o meio do ano.<\/p>\n<p>&nbsp;<\/p>\n<p>\u201cN\u00f3s estamos fazendo o levantamento de locais para o plantio, com defini\u00e7\u00e3o para toda a margem do rio S\u00e3o Francisco \u2013 como j\u00e1 fizemos por ser tratar de \u00e1rea de prote\u00e7\u00e3o ambiental \u2013 e estaremos no Conjunto Vale do S\u00e3o Francisco na pr\u00f3xima semana\u201d, informa Deysiane Nunes sobre os investimentos do Alagoas Mais Verde em Penedo.<\/p>\n<p>&nbsp;<\/p>\n<p>&nbsp;<\/p>\n<p>&nbsp;<\/p>\n<p><strong>Fonte: Secom PMP<\/strong><\/p>\n<p>&nbsp;<\/p>\n","protected":false},"excerpt":{"rendered":"<p>Cerca de 250 mudas de \u00e1rvores nativas da Mata Atl\u00e2ntica e de uma esp\u00e9cie frut\u00edfera (jenipapo) foram plantadas nesta ter\u00e7a-feira, 09, \u00e0s margens da rodovia AL 105, que liga Penedo \u00e0 Cooperativa Pindorama. &nbsp; A arboriza\u00e7\u00e3o \u00e9 mais uma iniciativa do Programa Alagoas Mais Verde em Penedo, realizado pelo Instituto de Meio Ambiente (IMA) e &hellip;<\/p>\n","protected":false},"author":2,"featured_media":28102,"comment_status":"open","ping_status":"open","sticky":false,"template":"","format":"standard","meta":{"_jetpack_memberships_contains_paid_content":false,"footnotes":""},"categories":[1,3],"tags":[],"class_list":["post-28101","post","type-post","status-publish","format-standard","has-post-thumbnail","hentry","category-destaque","category-penedo"],"jetpack_featured_media_url":"https:\/\/www.oparanews.com.br\/wp-content\/uploads\/2023\/05\/alagoas-mais-verde-al-105-penedo-ima-semarh.jpeg","jetpack_sharing_enabled":true,"_links":{"self":[{"href":"https:\/\/www.oparanews.com.br\/index.php\/wp-json\/wp\/v2\/posts\/28101","targetHints":{"allow":["GET"]}}],"collection":[{"href":"https:\/\/www.oparanews.com.br\/index.php\/wp-json\/wp\/v2\/posts"}],"about":[{"href":"https:\/\/www.oparanews.com.br\/index.php\/wp-json\/wp\/v2\/types\/post"}],"author":[{"embeddable":true,"href":"https:\/\/www.oparanews.com.br\/index.php\/wp-json\/wp\/v2\/users\/2"}],"replies":[{"embeddable":true,"href":"https:\/\/www.oparanews.com.br\/index.php\/wp-json\/wp\/v2\/comments?post=28101"}],"version-history":[{"count":1,"href":"https:\/\/www.oparanews.com.br\/index.php\/wp-json\/wp\/v2\/posts\/28101\/revisions"}],"predecessor-version":[{"id":28103,"href":"https:\/\/www.oparanews.com.br\/index.php\/wp-json\/wp\/v2\/posts\/28101\/revisions\/28103"}],"wp:featuredmedia":[{"embeddable":true,"href":"https:\/\/www.oparanews.com.br\/index.php\/wp-json\/wp\/v2\/media\/28102"}],"wp:attachment":[{"href":"https:\/\/www.oparanews.com.br\/index.php\/wp-json\/wp\/v2\/media?parent=28101"}],"wp:term":[{"taxonomy":"category","embeddable":true,"href":"https:\/\/www.oparanews.com.br\/index.php\/wp-json\/wp\/v2\/categories?post=28101"},{"taxonomy":"post_tag","embeddable":true,"href":"https:\/\/www.oparanews.com.br\/index.php\/wp-json\/wp\/v2\/tags?post=28101"}],"curies":[{"name":"wp","href":"https:\/\/api.w.org\/{rel}","templated":true}]}}