{"id":28118,"date":"2023-05-12T15:40:15","date_gmt":"2023-05-12T18:40:15","guid":{"rendered":"https:\/\/www.oparanews.com.br\/?p=28118"},"modified":"2023-05-12T15:40:15","modified_gmt":"2023-05-12T18:40:15","slug":"atendimento-no-centro-de-especialidades-odontologicas-de-penedo-sera-suspenso-por-dez-dias","status":"publish","type":"post","link":"https:\/\/www.oparanews.com.br\/index.php\/2023\/05\/12\/atendimento-no-centro-de-especialidades-odontologicas-de-penedo-sera-suspenso-por-dez-dias\/","title":{"rendered":"Atendimento no Centro de Especialidades Odontol\u00f3gicas de Penedo ser\u00e1 suspenso por dez dias"},"content":{"rendered":"<p>A Secretaria Municipal de Sa\u00fade (SEMS) informa que os servi\u00e7os ofertados \u00e0 popula\u00e7\u00e3o no Centro de Especialidades Odontol\u00f3gicas (CEO) estar\u00e3o suspenesos por dez dias, at\u00e9 23 de maio.<\/p>\n<p>&nbsp;<\/p>\n<p>O motivo \u00e9 a demoli\u00e7\u00e3o do CAIC, como era conhecida a antiga Escola Estadual Professora Ruth Mendon\u00e7a, a partir deste s\u00e1bado (13), primeira etapa da obra de constru\u00e7\u00e3o da nova Escola Municipal Santa Luzia.<\/p>\n<p>&nbsp;<\/p>\n<p>Considerando que o CEO funciona em setor anexo ao CAIC, \u00e1rea que ser\u00e1 preservada, ser\u00e1 preciso suspender o atendimento devido \u00e0 poeira e quest\u00f5es de seguran\u00e7a, transtornos pr\u00f3prios da demoli\u00e7\u00e3o.<\/p>\n<p>&nbsp;<\/p>\n<p>\u201cO fechamento ser\u00e1 devido a limpeza que precisar\u00e1 ser feita porque vai espalhar muita poeira e detritos. A parte onde o CEO est\u00e1 localizado n\u00e3o ser\u00e1 afetada pela demoli\u00e7\u00e3o e o atendimento vai continuar l\u00e1\u201d, afirma a Secret\u00e1ria Municipal de Sa\u00fade, Wannina Mendon\u00e7a.<\/p>\n<p>&nbsp;<\/p>\n<p>Os pacientes com atendimento agendado para o per\u00edodo de suspens\u00e3o dos servi\u00e7os do CEO devem procurar o setor a partir do dia 23 para a remarca\u00e7\u00e3o da consulta.<\/p>\n<p>&nbsp;<\/p>\n<p>&nbsp;<\/p>\n<p>&nbsp;<\/p>\n<p><strong>Fonte: Secom PMP<\/strong><\/p>\n<p>&nbsp;<\/p>\n","protected":false},"excerpt":{"rendered":"<p>A Secretaria Municipal de Sa\u00fade (SEMS) informa que os servi\u00e7os ofertados \u00e0 popula\u00e7\u00e3o no Centro de Especialidades Odontol\u00f3gicas (CEO) estar\u00e3o suspenesos por dez dias, at\u00e9 23 de maio. &nbsp; O motivo \u00e9 a demoli\u00e7\u00e3o do CAIC, como era conhecida a antiga Escola Estadual Professora Ruth Mendon\u00e7a, a partir deste s\u00e1bado (13), primeira etapa da obra &hellip;<\/p>\n","protected":false},"author":2,"featured_media":28119,"comment_status":"open","ping_status":"open","sticky":false,"template":"","format":"standard","meta":{"_jetpack_memberships_contains_paid_content":false,"footnotes":""},"categories":[1,3],"tags":[],"class_list":["post-28118","post","type-post","status-publish","format-standard","has-post-thumbnail","hentry","category-destaque","category-penedo"],"jetpack_featured_media_url":"https:\/\/www.oparanews.com.br\/wp-content\/uploads\/2023\/05\/IMG_9967-scaled-1.jpg","jetpack_sharing_enabled":true,"_links":{"self":[{"href":"https:\/\/www.oparanews.com.br\/index.php\/wp-json\/wp\/v2\/posts\/28118","targetHints":{"allow":["GET"]}}],"collection":[{"href":"https:\/\/www.oparanews.com.br\/index.php\/wp-json\/wp\/v2\/posts"}],"about":[{"href":"https:\/\/www.oparanews.com.br\/index.php\/wp-json\/wp\/v2\/types\/post"}],"author":[{"embeddable":true,"href":"https:\/\/www.oparanews.com.br\/index.php\/wp-json\/wp\/v2\/users\/2"}],"replies":[{"embeddable":true,"href":"https:\/\/www.oparanews.com.br\/index.php\/wp-json\/wp\/v2\/comments?post=28118"}],"version-history":[{"count":1,"href":"https:\/\/www.oparanews.com.br\/index.php\/wp-json\/wp\/v2\/posts\/28118\/revisions"}],"predecessor-version":[{"id":28120,"href":"https:\/\/www.oparanews.com.br\/index.php\/wp-json\/wp\/v2\/posts\/28118\/revisions\/28120"}],"wp:featuredmedia":[{"embeddable":true,"href":"https:\/\/www.oparanews.com.br\/index.php\/wp-json\/wp\/v2\/media\/28119"}],"wp:attachment":[{"href":"https:\/\/www.oparanews.com.br\/index.php\/wp-json\/wp\/v2\/media?parent=28118"}],"wp:term":[{"taxonomy":"category","embeddable":true,"href":"https:\/\/www.oparanews.com.br\/index.php\/wp-json\/wp\/v2\/categories?post=28118"},{"taxonomy":"post_tag","embeddable":true,"href":"https:\/\/www.oparanews.com.br\/index.php\/wp-json\/wp\/v2\/tags?post=28118"}],"curies":[{"name":"wp","href":"https:\/\/api.w.org\/{rel}","templated":true}]}}