{"id":28149,"date":"2023-05-16T14:48:24","date_gmt":"2023-05-16T17:48:24","guid":{"rendered":"https:\/\/www.oparanews.com.br\/?p=28149"},"modified":"2023-05-16T14:48:24","modified_gmt":"2023-05-16T17:48:24","slug":"secretaria-de-assistencia-social-de-penedo-leva-atendimento-do-bolsa-familia-para-ponta-mofina-embrapa-e-ilhas-das-canas","status":"publish","type":"post","link":"https:\/\/www.oparanews.com.br\/index.php\/2023\/05\/16\/secretaria-de-assistencia-social-de-penedo-leva-atendimento-do-bolsa-familia-para-ponta-mofina-embrapa-e-ilhas-das-canas\/","title":{"rendered":"Secretaria de Assist\u00eancia Social de Penedo leva atendimento do Bolsa Fam\u00edlia para Ponta Mofina, Embrapa e Ilhas das Canas"},"content":{"rendered":"<p>Cerca de oito mil pessoas que residem em Penedo est\u00e3o com Bolsa Fam\u00edlia bloqueado e para agilizar o atendimento \u00e0 popula\u00e7\u00e3o, a Secretaria Municipal de Assist\u00eancia Social e Direitos Humanos (SEMASDH) est\u00e1 descentralizando o atendimento.<\/p>\n<p>&nbsp;<\/p>\n<p>\u201cN\u00f3s estamos deslocando nossa equipe de trabalho, principalmente do Cadastro \u00danico, at\u00e9 as comunidades da zona rural, come\u00e7ando pela Ponta Mofina, Embrapa e Ilha das Canas\u201d, informa a Secret\u00e1ria de Assist\u00eancia Social, Ana Teresa Lopes, sobre a busca ativa que come\u00e7a nesta quarta-feira, 17.<\/p>\n<p>&nbsp;<\/p>\n<p>O atendimento aos benefici\u00e1rios do programa de distribui\u00e7\u00e3o de renda das oito ao meio-dia, na sede da associa\u00e7\u00e3o de moradores e agricultores da Ponta Mofina.<\/p>\n<p>&nbsp;<\/p>\n<p>Na quinta, 18, a Secretaria de Assist\u00eancia Social estar\u00e1 com o mesmo servi\u00e7o no povoado Embrapa e na sexta, 19, na Ilha das Canas.<\/p>\n<p>&nbsp;<\/p>\n<p>Para ser atendido e fazer o encaminhamento do desbloqueio, \u00e9 preciso apresentar carteira de identidade (RG), CPF, comprovante de resid\u00eancia atualizado e o n\u00famero do NIS.<\/p>\n<p>&nbsp;<\/p>\n<p>O bloqueio do Bolsa Fam\u00edlia \u00e9 feito pelo governo federal e foi gerado pela descoberta de irregularidades na distribui\u00e7\u00e3o do benef\u00edcio, com base no cruzamento de dados autodeclarados com informa\u00e7\u00f5es do e-SUS, censo do IBGE e outras fontes oficiais.<\/p>\n<p>&nbsp;<\/p>\n<p>&nbsp;<\/p>\n<p>&nbsp;<\/p>\n<p><strong>Fonte: Secom PMP<\/strong><\/p>\n<p>&nbsp;<\/p>\n","protected":false},"excerpt":{"rendered":"<p>Cerca de oito mil pessoas que residem em Penedo est\u00e3o com Bolsa Fam\u00edlia bloqueado e para agilizar o atendimento \u00e0 popula\u00e7\u00e3o, a Secretaria Municipal de Assist\u00eancia Social e Direitos Humanos (SEMASDH) est\u00e1 descentralizando o atendimento. &nbsp; \u201cN\u00f3s estamos deslocando nossa equipe de trabalho, principalmente do Cadastro \u00danico, at\u00e9 as comunidades da zona rural, come\u00e7ando pela &hellip;<\/p>\n","protected":false},"author":2,"featured_media":28150,"comment_status":"open","ping_status":"open","sticky":false,"template":"","format":"standard","meta":{"_jetpack_memberships_contains_paid_content":false,"footnotes":""},"categories":[1,3],"tags":[],"class_list":["post-28149","post","type-post","status-publish","format-standard","has-post-thumbnail","hentry","category-destaque","category-penedo"],"jetpack_featured_media_url":"https:\/\/www.oparanews.com.br\/wp-content\/uploads\/2023\/05\/WhatsApp-Image-2023-03-11-at-11.50.31-1.jpg","jetpack_sharing_enabled":true,"_links":{"self":[{"href":"https:\/\/www.oparanews.com.br\/index.php\/wp-json\/wp\/v2\/posts\/28149","targetHints":{"allow":["GET"]}}],"collection":[{"href":"https:\/\/www.oparanews.com.br\/index.php\/wp-json\/wp\/v2\/posts"}],"about":[{"href":"https:\/\/www.oparanews.com.br\/index.php\/wp-json\/wp\/v2\/types\/post"}],"author":[{"embeddable":true,"href":"https:\/\/www.oparanews.com.br\/index.php\/wp-json\/wp\/v2\/users\/2"}],"replies":[{"embeddable":true,"href":"https:\/\/www.oparanews.com.br\/index.php\/wp-json\/wp\/v2\/comments?post=28149"}],"version-history":[{"count":1,"href":"https:\/\/www.oparanews.com.br\/index.php\/wp-json\/wp\/v2\/posts\/28149\/revisions"}],"predecessor-version":[{"id":28151,"href":"https:\/\/www.oparanews.com.br\/index.php\/wp-json\/wp\/v2\/posts\/28149\/revisions\/28151"}],"wp:featuredmedia":[{"embeddable":true,"href":"https:\/\/www.oparanews.com.br\/index.php\/wp-json\/wp\/v2\/media\/28150"}],"wp:attachment":[{"href":"https:\/\/www.oparanews.com.br\/index.php\/wp-json\/wp\/v2\/media?parent=28149"}],"wp:term":[{"taxonomy":"category","embeddable":true,"href":"https:\/\/www.oparanews.com.br\/index.php\/wp-json\/wp\/v2\/categories?post=28149"},{"taxonomy":"post_tag","embeddable":true,"href":"https:\/\/www.oparanews.com.br\/index.php\/wp-json\/wp\/v2\/tags?post=28149"}],"curies":[{"name":"wp","href":"https:\/\/api.w.org\/{rel}","templated":true}]}}