{"id":28153,"date":"2023-05-17T15:13:25","date_gmt":"2023-05-17T18:13:25","guid":{"rendered":"https:\/\/www.oparanews.com.br\/?p=28153"},"modified":"2023-05-17T15:14:40","modified_gmt":"2023-05-17T18:14:40","slug":"vacinacao-contra-a-influenza-e-liberada-para-toda-populacao-de-penedo-a-partir-de-6-meses-de-idade","status":"publish","type":"post","link":"https:\/\/www.oparanews.com.br\/index.php\/2023\/05\/17\/vacinacao-contra-a-influenza-e-liberada-para-toda-populacao-de-penedo-a-partir-de-6-meses-de-idade\/","title":{"rendered":"Vacina\u00e7\u00e3o contra a Influenza \u00e9 liberada para toda popula\u00e7\u00e3o de Penedo, a partir de 6 meses de idade"},"content":{"rendered":"<p>Toda a popula\u00e7\u00e3o de Penedo acima de 6 meses de idade j\u00e1 pode ser vacinada contra a gripe Influenza.<\/p>\n<p>&nbsp;<\/p>\n<p>A amplia\u00e7\u00e3o da imuniza\u00e7\u00e3o foi autorizada pelo Minist\u00e9rio de Sa\u00fade para expandir a cobertura vacinal contra a doen\u00e7a antes do inverno, quando as infec\u00e7\u00f5es respirat\u00f3rias tendem a aumentar.<\/p>\n<p>&nbsp;<\/p>\n<p>A Secretaria Municipal de Sa\u00fade (SEMS) refor\u00e7a que a imuniza\u00e7\u00e3o \u00e9 fundamental para reduzir a carga da doen\u00e7a, principalmente em pessoas com problemas de sa\u00fade e idosos e est\u00e1 dispon\u00edvel em todos os postos de sa\u00fade e no Expresso Sa\u00fade.<\/p>\n<p>&nbsp;<\/p>\n<p>Vale ressaltar que a vacina da gripe \u00e9 fabricada com v\u00edrus inativados, fragmentados e purificados, ou seja, n\u00e3o \u00e9 capaz de induzir o desenvolvimento da doen\u00e7a.<\/p>\n<p>&nbsp;<\/p>\n<p>O Minist\u00e9rio da Sa\u00fade n\u00e3o indica a imuniza\u00e7\u00e3o de pessoas gripadas e recomenda que a pessoa espere os sintomas, como febre e dor no corpo, amenizem para que n\u00e3o sejam confundidos com uma poss\u00edvel rea\u00e7\u00e3o adversa da vacina.<\/p>\n<p><a href=\"http:\/\/www.oparanews.com.br\/wp-content\/uploads\/2023\/05\/card-vacina-influenza.jpg\"><img loading=\"lazy\" decoding=\"async\" class=\"aligncenter size-full wp-image-28154\" src=\"http:\/\/www.oparanews.com.br\/wp-content\/uploads\/2023\/05\/card-vacina-influenza.jpg\" alt=\"\" width=\"1080\" height=\"1080\" srcset=\"https:\/\/www.oparanews.com.br\/wp-content\/uploads\/2023\/05\/card-vacina-influenza.jpg 1080w, https:\/\/www.oparanews.com.br\/wp-content\/uploads\/2023\/05\/card-vacina-influenza-300x300.jpg 300w, https:\/\/www.oparanews.com.br\/wp-content\/uploads\/2023\/05\/card-vacina-influenza-1024x1024.jpg 1024w, https:\/\/www.oparanews.com.br\/wp-content\/uploads\/2023\/05\/card-vacina-influenza-150x150.jpg 150w, https:\/\/www.oparanews.com.br\/wp-content\/uploads\/2023\/05\/card-vacina-influenza-768x768.jpg 768w\" sizes=\"auto, (max-width: 1080px) 100vw, 1080px\" \/><\/a><\/p>\n<p>&nbsp;<\/p>\n<p>&nbsp;<\/p>\n<p><strong>por Gabriela Flores \u2013 jornalista e social media da SEMS Penedo<\/strong><\/p>\n<p>&nbsp;<\/p>\n","protected":false},"excerpt":{"rendered":"<p>Toda a popula\u00e7\u00e3o de Penedo acima de 6 meses de idade j\u00e1 pode ser vacinada contra a gripe Influenza. &nbsp; A amplia\u00e7\u00e3o da imuniza\u00e7\u00e3o foi autorizada pelo Minist\u00e9rio de Sa\u00fade para expandir a cobertura vacinal contra a doen\u00e7a antes do inverno, quando as infec\u00e7\u00f5es respirat\u00f3rias tendem a aumentar. &nbsp; A Secretaria Municipal de Sa\u00fade (SEMS) &hellip;<\/p>\n","protected":false},"author":2,"featured_media":28156,"comment_status":"open","ping_status":"open","sticky":false,"template":"","format":"standard","meta":{"_jetpack_memberships_contains_paid_content":false,"footnotes":""},"categories":[1,3],"tags":[],"class_list":["post-28153","post","type-post","status-publish","format-standard","has-post-thumbnail","hentry","category-destaque","category-penedo"],"jetpack_featured_media_url":"https:\/\/www.oparanews.com.br\/wp-content\/uploads\/2023\/05\/card-vacina-influenza-1.jpg","jetpack_sharing_enabled":true,"_links":{"self":[{"href":"https:\/\/www.oparanews.com.br\/index.php\/wp-json\/wp\/v2\/posts\/28153","targetHints":{"allow":["GET"]}}],"collection":[{"href":"https:\/\/www.oparanews.com.br\/index.php\/wp-json\/wp\/v2\/posts"}],"about":[{"href":"https:\/\/www.oparanews.com.br\/index.php\/wp-json\/wp\/v2\/types\/post"}],"author":[{"embeddable":true,"href":"https:\/\/www.oparanews.com.br\/index.php\/wp-json\/wp\/v2\/users\/2"}],"replies":[{"embeddable":true,"href":"https:\/\/www.oparanews.com.br\/index.php\/wp-json\/wp\/v2\/comments?post=28153"}],"version-history":[{"count":1,"href":"https:\/\/www.oparanews.com.br\/index.php\/wp-json\/wp\/v2\/posts\/28153\/revisions"}],"predecessor-version":[{"id":28155,"href":"https:\/\/www.oparanews.com.br\/index.php\/wp-json\/wp\/v2\/posts\/28153\/revisions\/28155"}],"wp:featuredmedia":[{"embeddable":true,"href":"https:\/\/www.oparanews.com.br\/index.php\/wp-json\/wp\/v2\/media\/28156"}],"wp:attachment":[{"href":"https:\/\/www.oparanews.com.br\/index.php\/wp-json\/wp\/v2\/media?parent=28153"}],"wp:term":[{"taxonomy":"category","embeddable":true,"href":"https:\/\/www.oparanews.com.br\/index.php\/wp-json\/wp\/v2\/categories?post=28153"},{"taxonomy":"post_tag","embeddable":true,"href":"https:\/\/www.oparanews.com.br\/index.php\/wp-json\/wp\/v2\/tags?post=28153"}],"curies":[{"name":"wp","href":"https:\/\/api.w.org\/{rel}","templated":true}]}}