{"id":28180,"date":"2023-05-19T16:25:31","date_gmt":"2023-05-19T19:25:31","guid":{"rendered":"https:\/\/www.oparanews.com.br\/?p=28180"},"modified":"2023-05-19T16:25:31","modified_gmt":"2023-05-19T19:25:31","slug":"prefeitura-de-penedo-realiza-caminhada-de-alerta-sobre-protecao-e-direitos-de-criancas-e-adolescentes","status":"publish","type":"post","link":"https:\/\/www.oparanews.com.br\/index.php\/2023\/05\/19\/prefeitura-de-penedo-realiza-caminhada-de-alerta-sobre-protecao-e-direitos-de-criancas-e-adolescentes\/","title":{"rendered":"Prefeitura de Penedo realiza caminhada de alerta sobre prote\u00e7\u00e3o e direitos de crian\u00e7as e adolescentes"},"content":{"rendered":"<p>A Secretaria Municipal de Assist\u00eancia Social e Direitos Humanos (SEMASDH) da Prefeitura de Penedo mobilizou escolas e entidades relacionadas com a prote\u00e7\u00e3o ao direito de crian\u00e7as e adolescentes para a caminhada alusiva ao 18 de Maio.<\/p>\n<p>&nbsp;<\/p>\n<p>O ato realizado na tarde desta quinta-feira, 18, reuniu milhares de pessoas que sa\u00edram do Largo S\u00e3o Judas Tadeu at\u00e9 o Centro Hist\u00f3rico, encerrando com muita anima\u00e7\u00e3o no Largo S\u00e3o Gon\u00e7alo.<\/p>\n<p>&nbsp;<\/p>\n<p>Estudantes da rede p\u00fablica municipal e estadual participaram ativamente, ao lado de professores, coordenadores e diretores. O Minist\u00e9rio P\u00fablico Estadual foi representado pelo promotor de justi\u00e7a Jo\u00e3o Batista Filho e o Conselho Tutelar dos Direitos da Crian\u00e7a e do Adolescente de Penedo por seu presidente, Lucimar da Purifica\u00e7\u00e3o.<\/p>\n<p>&nbsp;<\/p>\n<p>&nbsp;<\/p>\n<p>&nbsp;<\/p>\n<p><strong>Fonte: Secom PMP<\/strong><\/p>\n<p>&nbsp;<\/p>\n","protected":false},"excerpt":{"rendered":"<p>A Secretaria Municipal de Assist\u00eancia Social e Direitos Humanos (SEMASDH) da Prefeitura de Penedo mobilizou escolas e entidades relacionadas com a prote\u00e7\u00e3o ao direito de crian\u00e7as e adolescentes para a caminhada alusiva ao 18 de Maio. &nbsp; O ato realizado na tarde desta quinta-feira, 18, reuniu milhares de pessoas que sa\u00edram do Largo S\u00e3o Judas &hellip;<\/p>\n","protected":false},"author":2,"featured_media":28181,"comment_status":"open","ping_status":"open","sticky":false,"template":"","format":"standard","meta":{"_jetpack_memberships_contains_paid_content":false,"footnotes":""},"categories":[1,3],"tags":[],"class_list":["post-28180","post","type-post","status-publish","format-standard","has-post-thumbnail","hentry","category-destaque","category-penedo"],"jetpack_featured_media_url":"https:\/\/www.oparanews.com.br\/wp-content\/uploads\/2023\/05\/caminhada-18-maio-semasdh-penedo-2023.jpeg","jetpack_sharing_enabled":true,"_links":{"self":[{"href":"https:\/\/www.oparanews.com.br\/index.php\/wp-json\/wp\/v2\/posts\/28180","targetHints":{"allow":["GET"]}}],"collection":[{"href":"https:\/\/www.oparanews.com.br\/index.php\/wp-json\/wp\/v2\/posts"}],"about":[{"href":"https:\/\/www.oparanews.com.br\/index.php\/wp-json\/wp\/v2\/types\/post"}],"author":[{"embeddable":true,"href":"https:\/\/www.oparanews.com.br\/index.php\/wp-json\/wp\/v2\/users\/2"}],"replies":[{"embeddable":true,"href":"https:\/\/www.oparanews.com.br\/index.php\/wp-json\/wp\/v2\/comments?post=28180"}],"version-history":[{"count":1,"href":"https:\/\/www.oparanews.com.br\/index.php\/wp-json\/wp\/v2\/posts\/28180\/revisions"}],"predecessor-version":[{"id":28182,"href":"https:\/\/www.oparanews.com.br\/index.php\/wp-json\/wp\/v2\/posts\/28180\/revisions\/28182"}],"wp:featuredmedia":[{"embeddable":true,"href":"https:\/\/www.oparanews.com.br\/index.php\/wp-json\/wp\/v2\/media\/28181"}],"wp:attachment":[{"href":"https:\/\/www.oparanews.com.br\/index.php\/wp-json\/wp\/v2\/media?parent=28180"}],"wp:term":[{"taxonomy":"category","embeddable":true,"href":"https:\/\/www.oparanews.com.br\/index.php\/wp-json\/wp\/v2\/categories?post=28180"},{"taxonomy":"post_tag","embeddable":true,"href":"https:\/\/www.oparanews.com.br\/index.php\/wp-json\/wp\/v2\/tags?post=28180"}],"curies":[{"name":"wp","href":"https:\/\/api.w.org\/{rel}","templated":true}]}}