{"id":28209,"date":"2023-05-23T11:10:42","date_gmt":"2023-05-23T14:10:42","guid":{"rendered":"https:\/\/www.oparanews.com.br\/?p=28209"},"modified":"2023-05-23T11:10:42","modified_gmt":"2023-05-23T14:10:42","slug":"periodo-de-inscricao-para-eleicao-de-conselheiro-tutelar-em-penedo-e-prorrogado","status":"publish","type":"post","link":"https:\/\/www.oparanews.com.br\/index.php\/2023\/05\/23\/periodo-de-inscricao-para-eleicao-de-conselheiro-tutelar-em-penedo-e-prorrogado\/","title":{"rendered":"Per\u00edodo de inscri\u00e7\u00e3o para elei\u00e7\u00e3o de conselheiro tutelar em Penedo \u00e9 prorrogado"},"content":{"rendered":"<p>O Conselho Municipal dos Direitos da Crian\u00e7a e do Adolescente (CMDCA) informa que o per\u00edodo de inscri\u00e7\u00e3o para candidaturas ao cargo de conselheiro tutelar em Penedo est\u00e1 prorrogado at\u00e9 a pr\u00f3xima sexta-feira, 26.<\/p>\n<p>&nbsp;<\/p>\n<p>At\u00e9 o in\u00edcio desta semana, dezessete inscri\u00e7\u00f5es para participar do processo eleitoral est\u00e3o devidamente habilitadas para concorrer.<\/p>\n<p>&nbsp;<\/p>\n<p>Os interessados precisam apresentar a documenta\u00e7\u00e3o exigida na sede do Conselho Municipal dos Direitos da Crian\u00e7a e do Adolescente at\u00e9 as 13 horas.<\/p>\n<p>&nbsp;<\/p>\n<p>O CMDCA funciona no mesmo im\u00f3vel do Conselho Tutelar, localizado na Rua Sete de setembro, n\u00ba 118, Centro Hist\u00f3rico, ao lado do Hotel S\u00e3o Francisco.<\/p>\n<p>&nbsp;<\/p>\n<p>Confira abaixo o edital do processo eleitoral do Conselho Tutelar dos Direitos da Crian\u00e7a e do Adolescente de Penedo<\/p>\n<p>&nbsp;<\/p>\n<p><a href=\"https:\/\/penedo.al.gov.br\/wp-content\/uploads\/2023\/05\/resolucao-prorrogacao-inscricoes.pdf\"><strong>resoluc\u0327a\u0303o prorrogac\u0327a\u0303o inscric\u0327o\u0303es<\/strong><\/a><\/p>\n<p>&nbsp;<\/p>\n<p><a href=\"https:\/\/penedo.al.gov.br\/wp-content\/uploads\/2023\/04\/EDITAL-DA-ELEICAO-DO-CONSELHO-TUTELAR-DE-PENEDO-E-RESOLUCAO-DO-CMDCA-SOBRE-COMISSAO-ELEITORAL.pdf\"><strong>EDITAL DA ELEI\u00c7\u00c3O DO CONSELHO TUTELAR DE PENEDO E RESOLU\u00c7\u00c3O DO CMDCA SOBRE COMISS\u00c3O ELEITORAL<\/strong><\/a><\/p>\n<p>&nbsp;<\/p>\n<p>&nbsp;<\/p>\n<p>&nbsp;<\/p>\n<p><strong>Fonte: Secom PMP<\/strong><\/p>\n<p>&nbsp;<\/p>\n","protected":false},"excerpt":{"rendered":"<p>O Conselho Municipal dos Direitos da Crian\u00e7a e do Adolescente (CMDCA) informa que o per\u00edodo de inscri\u00e7\u00e3o para candidaturas ao cargo de conselheiro tutelar em Penedo est\u00e1 prorrogado at\u00e9 a pr\u00f3xima sexta-feira, 26. &nbsp; At\u00e9 o in\u00edcio desta semana, dezessete inscri\u00e7\u00f5es para participar do processo eleitoral est\u00e3o devidamente habilitadas para concorrer. &nbsp; Os interessados precisam &hellip;<\/p>\n","protected":false},"author":2,"featured_media":28210,"comment_status":"open","ping_status":"open","sticky":false,"template":"","format":"standard","meta":{"_jetpack_memberships_contains_paid_content":false,"footnotes":""},"categories":[1,3],"tags":[],"class_list":["post-28209","post","type-post","status-publish","format-standard","has-post-thumbnail","hentry","category-destaque","category-penedo"],"jetpack_featured_media_url":"https:\/\/www.oparanews.com.br\/wp-content\/uploads\/2023\/05\/ge6jww9btzm8h0dwor1j_Conselho-Tutelar-Eleicoes-2023.png","jetpack_sharing_enabled":true,"_links":{"self":[{"href":"https:\/\/www.oparanews.com.br\/index.php\/wp-json\/wp\/v2\/posts\/28209","targetHints":{"allow":["GET"]}}],"collection":[{"href":"https:\/\/www.oparanews.com.br\/index.php\/wp-json\/wp\/v2\/posts"}],"about":[{"href":"https:\/\/www.oparanews.com.br\/index.php\/wp-json\/wp\/v2\/types\/post"}],"author":[{"embeddable":true,"href":"https:\/\/www.oparanews.com.br\/index.php\/wp-json\/wp\/v2\/users\/2"}],"replies":[{"embeddable":true,"href":"https:\/\/www.oparanews.com.br\/index.php\/wp-json\/wp\/v2\/comments?post=28209"}],"version-history":[{"count":1,"href":"https:\/\/www.oparanews.com.br\/index.php\/wp-json\/wp\/v2\/posts\/28209\/revisions"}],"predecessor-version":[{"id":28211,"href":"https:\/\/www.oparanews.com.br\/index.php\/wp-json\/wp\/v2\/posts\/28209\/revisions\/28211"}],"wp:featuredmedia":[{"embeddable":true,"href":"https:\/\/www.oparanews.com.br\/index.php\/wp-json\/wp\/v2\/media\/28210"}],"wp:attachment":[{"href":"https:\/\/www.oparanews.com.br\/index.php\/wp-json\/wp\/v2\/media?parent=28209"}],"wp:term":[{"taxonomy":"category","embeddable":true,"href":"https:\/\/www.oparanews.com.br\/index.php\/wp-json\/wp\/v2\/categories?post=28209"},{"taxonomy":"post_tag","embeddable":true,"href":"https:\/\/www.oparanews.com.br\/index.php\/wp-json\/wp\/v2\/tags?post=28209"}],"curies":[{"name":"wp","href":"https:\/\/api.w.org\/{rel}","templated":true}]}}