{"id":28221,"date":"2023-05-24T17:37:28","date_gmt":"2023-05-24T20:37:28","guid":{"rendered":"https:\/\/www.oparanews.com.br\/?p=28221"},"modified":"2023-05-24T17:37:28","modified_gmt":"2023-05-24T20:37:28","slug":"prefeitura-de-penedo-paga-o-salario-do-mes-de-maio-nesta-sexta-26","status":"publish","type":"post","link":"https:\/\/www.oparanews.com.br\/index.php\/2023\/05\/24\/prefeitura-de-penedo-paga-o-salario-do-mes-de-maio-nesta-sexta-26\/","title":{"rendered":"Prefeitura de Penedo paga o sal\u00e1rio do m\u00eas de maio nesta sexta, 26"},"content":{"rendered":"<p>O sal\u00e1rio referente ao m\u00eas de maio dos servidores efetivos e comissionados da Prefeitura de Penedo ser\u00e1 pago integralmente nesta sexta-feira, 26.<\/p>\n<p>&nbsp;<\/p>\n<p>A data de pagamento do funcionalismo municipal \u00e9 para todas as secretarias municipais, inclusive o 13\u00ba sal\u00e1rio do pessoal que faz anivers\u00e1rio em maio.<\/p>\n<p>&nbsp;<\/p>\n<p>O pagamento em dia e dentro do m\u00eas trabalhado da folha de pessoal da Prefeitura de Penedo \u00e9 compromisso assumido e cumprido pelo Prefeito Ronaldo Lopes.<\/p>\n<p><a href=\"http:\/\/www.oparanews.com.br\/wp-content\/uploads\/2023\/05\/WhatsApp-Image-2023-05-23-at-15.06.44-576x1024-1.jpeg\"><img loading=\"lazy\" decoding=\"async\" class=\"aligncenter size-full wp-image-28223\" src=\"http:\/\/www.oparanews.com.br\/wp-content\/uploads\/2023\/05\/WhatsApp-Image-2023-05-23-at-15.06.44-576x1024-1.jpeg\" alt=\"\" width=\"576\" height=\"1024\" srcset=\"https:\/\/www.oparanews.com.br\/wp-content\/uploads\/2023\/05\/WhatsApp-Image-2023-05-23-at-15.06.44-576x1024-1.jpeg 576w, https:\/\/www.oparanews.com.br\/wp-content\/uploads\/2023\/05\/WhatsApp-Image-2023-05-23-at-15.06.44-576x1024-1-169x300.jpeg 169w\" sizes=\"auto, (max-width: 576px) 100vw, 576px\" \/><\/a><\/p>\n<p>&nbsp;<\/p>\n<p>&nbsp;<\/p>\n<p><strong>Fonte: Secom PMP<\/strong><\/p>\n<p>&nbsp;<\/p>\n","protected":false},"excerpt":{"rendered":"<p>O sal\u00e1rio referente ao m\u00eas de maio dos servidores efetivos e comissionados da Prefeitura de Penedo ser\u00e1 pago integralmente nesta sexta-feira, 26. &nbsp; A data de pagamento do funcionalismo municipal \u00e9 para todas as secretarias municipais, inclusive o 13\u00ba sal\u00e1rio do pessoal que faz anivers\u00e1rio em maio. &nbsp; O pagamento em dia e dentro do &hellip;<\/p>\n","protected":false},"author":2,"featured_media":28222,"comment_status":"open","ping_status":"open","sticky":false,"template":"","format":"standard","meta":{"_jetpack_memberships_contains_paid_content":false,"footnotes":""},"categories":[1,3],"tags":[],"class_list":["post-28221","post","type-post","status-publish","format-standard","has-post-thumbnail","hentry","category-destaque","category-penedo"],"jetpack_featured_media_url":"https:\/\/www.oparanews.com.br\/wp-content\/uploads\/2023\/05\/pagamento-salario-prefeitura-penedo.jpg","jetpack_sharing_enabled":true,"_links":{"self":[{"href":"https:\/\/www.oparanews.com.br\/index.php\/wp-json\/wp\/v2\/posts\/28221","targetHints":{"allow":["GET"]}}],"collection":[{"href":"https:\/\/www.oparanews.com.br\/index.php\/wp-json\/wp\/v2\/posts"}],"about":[{"href":"https:\/\/www.oparanews.com.br\/index.php\/wp-json\/wp\/v2\/types\/post"}],"author":[{"embeddable":true,"href":"https:\/\/www.oparanews.com.br\/index.php\/wp-json\/wp\/v2\/users\/2"}],"replies":[{"embeddable":true,"href":"https:\/\/www.oparanews.com.br\/index.php\/wp-json\/wp\/v2\/comments?post=28221"}],"version-history":[{"count":1,"href":"https:\/\/www.oparanews.com.br\/index.php\/wp-json\/wp\/v2\/posts\/28221\/revisions"}],"predecessor-version":[{"id":28224,"href":"https:\/\/www.oparanews.com.br\/index.php\/wp-json\/wp\/v2\/posts\/28221\/revisions\/28224"}],"wp:featuredmedia":[{"embeddable":true,"href":"https:\/\/www.oparanews.com.br\/index.php\/wp-json\/wp\/v2\/media\/28222"}],"wp:attachment":[{"href":"https:\/\/www.oparanews.com.br\/index.php\/wp-json\/wp\/v2\/media?parent=28221"}],"wp:term":[{"taxonomy":"category","embeddable":true,"href":"https:\/\/www.oparanews.com.br\/index.php\/wp-json\/wp\/v2\/categories?post=28221"},{"taxonomy":"post_tag","embeddable":true,"href":"https:\/\/www.oparanews.com.br\/index.php\/wp-json\/wp\/v2\/tags?post=28221"}],"curies":[{"name":"wp","href":"https:\/\/api.w.org\/{rel}","templated":true}]}}