{"id":28228,"date":"2023-05-26T14:28:52","date_gmt":"2023-05-26T17:28:52","guid":{"rendered":"https:\/\/www.oparanews.com.br\/?p=28228"},"modified":"2023-05-26T14:28:52","modified_gmt":"2023-05-26T17:28:52","slug":"penedo-recebe-segunda-edicao-do-trakto-show-em-setembro","status":"publish","type":"post","link":"https:\/\/www.oparanews.com.br\/index.php\/2023\/05\/26\/penedo-recebe-segunda-edicao-do-trakto-show-em-setembro\/","title":{"rendered":"Penedo recebe segunda edi\u00e7\u00e3o do Trakto Show em setembro"},"content":{"rendered":"<p>O Trakto Show, tradicional evento que movimenta o cen\u00e1rio empreendedor no Nordeste brasileiro, chegou a Penedo no ano passado e j\u00e1 tem a segunda edi\u00e7\u00e3o com data confirmada.<\/p>\n<p>&nbsp;<\/p>\n<p>Ser\u00e1 entre 22 e 24 de setembro deste ano na cidade hist\u00f3rica alagoana. A programa\u00e7\u00e3o contar\u00e1 com uma proposta diversificada com v\u00e1rias palestras, arenas e atra\u00e7\u00f5es culturais para o p\u00fablico interessado.<\/p>\n<p>&nbsp;<\/p>\n<p>Com apoio da Prefeitura de Penedo, o evento contar\u00e1 com uma programa\u00e7\u00e3o diversificada, onde cada arena representar\u00e1 um mundo diferente, com conte\u00fado inspiracional, forma\u00e7\u00e3o empreendedora e t\u00e9cnica, al\u00e9m de atra\u00e7\u00f5es culturais para todas as idades, com destaque para a inclus\u00e3o do p\u00fablico infantil.<\/p>\n<p>&nbsp;<\/p>\n<p>\u201c\u00c9 uma alegria imensa planejar e realizar a segunda edi\u00e7\u00e3o do Trakto Show nessa cidade t\u00e3o acolhedora. Penedo foi a primeira cidade fora de Macei\u00f3 em que realizamos o evento e, em 2022, o p\u00fablico local recebeu muito bem a nossa proposta, com audit\u00f3rios lotados\u201d, destaca Paulo Ten\u00f3rio, CEO da Trakto.<\/p>\n<p>&nbsp;<\/p>\n<p>A expectativa para este ano \u00e9 ainda maior porque ser\u00e3o tr\u00eas dias com programa\u00e7\u00e3o muito enriquecedora. \u201cEsperamos que o impacto seja muito positivo, especialmente para empreendedores, l\u00edderes de neg\u00f3cios e profissionais interessados em impulsionar suas carreiras\u201d, acrescenta Ten\u00f3rio.<\/p>\n<p>&nbsp;<\/p>\n<p>Com novas cores e formas, acompanhando a inovadora identidade visual do projeto, as arenas do Trakto Show Penedo ser\u00e3o realizadas em v\u00e1rios locais do centro hist\u00f3rico da cidade, como o Centro de Conven\u00e7\u00f5es, o Theatro Sete de setembro, a Associa\u00e7\u00e3o Comercial e o OXELab.<\/p>\n<p>&nbsp;<\/p>\n<p>\u201cO primeiro Trakto Show em Penedo foi maravilhoso e este ano n\u00e3o ser\u00e1 diferente. Para n\u00f3s \u00e9 motivo de orgulho Penedo ser a primeira cidade, fora de Macei\u00f3, a realizar esse super evento. \u00c9 um trabalho conjunto que deu certo e avan\u00e7a cada vez mais porque n\u00f3s somos a primeira cidade do Brasil a fechar parceria com a Trakto para incluir a plataforma Trakto Educa\u00e7\u00e3o na rede p\u00fablica municipal\u201d. afirma o Prefeito Ronaldo Lopes, j\u00e1 convidando os visitantes para a segunda edi\u00e7\u00e3o do Trakto Show em Penedo.<\/p>\n<p>&nbsp;<\/p>\n<p>A expectativa \u00e9 de que, diariamente, cerca de 5 mil pessoas passem pelo Trakto Show Penedo. Em 2022, o evento reuniu, no total, uma m\u00e9dia de 10 mil pessoas que passaram pelo centro hist\u00f3rico de Penedo, regi\u00e3o que foi ocupada pelo evento durante os dois dias de programa\u00e7\u00e3o.<\/p>\n<p>&nbsp;<\/p>\n<p>Com o aumento da dura\u00e7\u00e3o do evento e novos locais, a ideia \u00e9 expandir o potencial de fomentar neg\u00f3cios, inspirando empreendedores e profissionais da inova\u00e7\u00e3o, al\u00e9m de levar est\u00edmulo \u00e0 economia criativa tamb\u00e9m para o interior de Alagoas. As inscri\u00e7\u00f5es ser\u00e3o divulgadas em breve.<\/p>\n<p>&nbsp;<\/p>\n<p><strong>Servi\u00e7o:<\/strong><\/p>\n<p>&nbsp;<\/p>\n<p>Trakto Show Penedo<\/p>\n<p>Quando: 22 a 24 de setembro de 2023<\/p>\n<p>Onde: Centro Hist\u00f3rico (Penedo-AL)<\/p>\n<p>&nbsp;<\/p>\n<p><strong>Sobre a Trakto<\/strong><\/p>\n<p>&nbsp;<\/p>\n<p>A Trakto Design \u00e9 uma ferramenta global de design escal\u00e1vel com intelig\u00eancia artificial para empresas. A startup alagoana foi fundada em Macei\u00f3 (AL) h\u00e1 10 anos. Com quase 1 milh\u00e3o de usu\u00e1rios em sua plataforma, a startup oferece aos empreendedores digitais v\u00e1rias ferramentas para seus neg\u00f3cios, como apresenta\u00e7\u00f5es, propostas comerciais, contratos, e-books, posts para redes sociais, entre outros servi\u00e7os.<\/p>\n<p>&nbsp;<\/p>\n<p>Em 2021, a Trakto captou cerca de R$ 7 milh\u00f5es com a Black Founders Fund, do Google, a E3 Neg\u00f3cios e a Capt All. Al\u00e9m disso, foi selecionada pelo Google for Startups para participar da edi\u00e7\u00e3o 2022 do Black Founders Fund e tamb\u00e9m pela Endeavor para fazer parte do seu programa de acelera\u00e7\u00e3o Scale-up 2022.1. No mesmo ano, realizou a quinta edi\u00e7\u00e3o do Trakto Show, considerado o maior evento combinado de tecnologia, inova\u00e7\u00e3o e empreendedorismo do Nordeste brasileiro.<\/p>\n<p>&nbsp;<\/p>\n<p>Em 2023, a empresa lan\u00e7ou a Trakto Educa\u00e7\u00e3o, uma plataforma de solu\u00e7\u00f5es para promover a digitaliza\u00e7\u00e3o do ensino p\u00fablico, a inclus\u00e3o tecnol\u00f3gica de comunidades escolares inteiras e, assim, contribuir para aprimorar os indicadores de qualidade da educa\u00e7\u00e3o.<\/p>\n<p>&nbsp;<\/p>\n<p>&nbsp;<\/p>\n<p>&nbsp;<\/p>\n<p><strong>Fonte: Secom PMP<\/strong><\/p>\n<p>&nbsp;<\/p>\n","protected":false},"excerpt":{"rendered":"<p>O Trakto Show, tradicional evento que movimenta o cen\u00e1rio empreendedor no Nordeste brasileiro, chegou a Penedo no ano passado e j\u00e1 tem a segunda edi\u00e7\u00e3o com data confirmada. &nbsp; Ser\u00e1 entre 22 e 24 de setembro deste ano na cidade hist\u00f3rica alagoana. A programa\u00e7\u00e3o contar\u00e1 com uma proposta diversificada com v\u00e1rias palestras, arenas e atra\u00e7\u00f5es &hellip;<\/p>\n","protected":false},"author":2,"featured_media":28229,"comment_status":"open","ping_status":"open","sticky":false,"template":"","format":"standard","meta":{"_jetpack_memberships_contains_paid_content":false,"footnotes":""},"categories":[1,3],"tags":[],"class_list":["post-28228","post","type-post","status-publish","format-standard","has-post-thumbnail","hentry","category-destaque","category-penedo"],"jetpack_featured_media_url":"https:\/\/www.oparanews.com.br\/wp-content\/uploads\/2023\/05\/trakto-show-penedo-foto-deywisson-duarte-25.jpeg","jetpack_sharing_enabled":true,"_links":{"self":[{"href":"https:\/\/www.oparanews.com.br\/index.php\/wp-json\/wp\/v2\/posts\/28228","targetHints":{"allow":["GET"]}}],"collection":[{"href":"https:\/\/www.oparanews.com.br\/index.php\/wp-json\/wp\/v2\/posts"}],"about":[{"href":"https:\/\/www.oparanews.com.br\/index.php\/wp-json\/wp\/v2\/types\/post"}],"author":[{"embeddable":true,"href":"https:\/\/www.oparanews.com.br\/index.php\/wp-json\/wp\/v2\/users\/2"}],"replies":[{"embeddable":true,"href":"https:\/\/www.oparanews.com.br\/index.php\/wp-json\/wp\/v2\/comments?post=28228"}],"version-history":[{"count":1,"href":"https:\/\/www.oparanews.com.br\/index.php\/wp-json\/wp\/v2\/posts\/28228\/revisions"}],"predecessor-version":[{"id":28230,"href":"https:\/\/www.oparanews.com.br\/index.php\/wp-json\/wp\/v2\/posts\/28228\/revisions\/28230"}],"wp:featuredmedia":[{"embeddable":true,"href":"https:\/\/www.oparanews.com.br\/index.php\/wp-json\/wp\/v2\/media\/28229"}],"wp:attachment":[{"href":"https:\/\/www.oparanews.com.br\/index.php\/wp-json\/wp\/v2\/media?parent=28228"}],"wp:term":[{"taxonomy":"category","embeddable":true,"href":"https:\/\/www.oparanews.com.br\/index.php\/wp-json\/wp\/v2\/categories?post=28228"},{"taxonomy":"post_tag","embeddable":true,"href":"https:\/\/www.oparanews.com.br\/index.php\/wp-json\/wp\/v2\/tags?post=28228"}],"curies":[{"name":"wp","href":"https:\/\/api.w.org\/{rel}","templated":true}]}}