{"id":28236,"date":"2023-05-29T06:57:45","date_gmt":"2023-05-29T09:57:45","guid":{"rendered":"https:\/\/www.oparanews.com.br\/?p=28236"},"modified":"2023-05-29T06:58:51","modified_gmt":"2023-05-29T09:58:51","slug":"penedense-vence-jogo-treino-por-5-a-1","status":"publish","type":"post","link":"https:\/\/www.oparanews.com.br\/index.php\/2023\/05\/29\/penedense-vence-jogo-treino-por-5-a-1\/","title":{"rendered":"Penedense vence jogo treino por 5 a 1"},"content":{"rendered":"<p class=\"p1\"><span class=\"s1\">O Sport Club Penedense segue sua prepara\u00e7\u00e3o para a disputa do Campeonato Alagoano da Segunda Divis\u00e3o de 2023.<\/span><\/p>\n<p>&nbsp;<\/p>\n<p>&nbsp;<\/p>\n<p class=\"p1\"><span class=\"s1\">Neste domingo, 28, o time ribeirinho realizou um jogo treino com a equipe Saobrazense de S\u00e3o Br\u00e1s.<span class=\"Apple-converted-space\">\u00a0 <\/span>A partida terminou 5 a 1 para o Penedense. O Jogo foi realizado no campo do SESI e contou com um p\u00fablico modesto.<\/span><\/p>\n<p>&nbsp;<\/p>\n<p>&nbsp;<\/p>\n<p class=\"p1\"><span class=\"s1\">Os gols da partida foram marcados por: Geo, Buga, Dakson, Neto e Jefinho para o Penedense, enquanto que Neto descontou para a equipe de S\u00e3o Braz.<\/span><\/p>\n<p>&nbsp;<\/p>\n<p>&nbsp;<\/p>\n<p class=\"p1\" style=\"text-align: left;\"><span class=\"s1\">O t\u00e9cnico do Penedense, Jaelson Marcelino, iniciou a partida com: Bruno, Igor, Leo, Cavalo e Pedrinho. Buga, Dakson, Tesouro e Didinho. Geovanio e Neto.<\/span><\/p>\n<p>&nbsp;<\/p>\n<p>&nbsp;<\/p>\n<p class=\"p1\"><span class=\"s1\">A diretoria do Penedense ainda n\u00e3o confirmou oficialmente mas provavelmente no pr\u00f3ximo dia 4 de junho o time far\u00e1 um amistoso contra o Sub-20 do CSA. Devido \u00e0s chuvas que vem caindo em Penedo n\u00e3o se sabe se acontecer\u00e1 no SESI ou no novo gramado do Est\u00e1dio Dr. Alfredo Leahy.<\/span><\/p>\n<p>&nbsp;<\/p>\n<p>&nbsp;<\/p>\n<p class=\"p1\"><span class=\"s1\">O Penedense estreia no Alagoano da Segunda Divis\u00e3o no dia 11 de junho, em Penedo, contra a equipe do Guarani.<\/span><\/p>\n<p>&nbsp;<\/p>\n<p>&nbsp;<\/p>\n<p>&nbsp;<\/p>\n<p class=\"p1\"><strong><span class=\"s1\">por Reda\u00e7\u00e3o<\/span><\/strong><\/p>\n<p>&nbsp;<\/p>\n","protected":false},"excerpt":{"rendered":"<p>O Sport Club Penedense segue sua prepara\u00e7\u00e3o para a disputa do Campeonato Alagoano da Segunda Divis\u00e3o de 2023. &nbsp; &nbsp; Neste domingo, 28, o time ribeirinho realizou um jogo treino com a equipe Saobrazense de S\u00e3o Br\u00e1s.\u00a0 A partida terminou 5 a 1 para o Penedense. O Jogo foi realizado no campo do SESI e &hellip;<\/p>\n","protected":false},"author":2,"featured_media":28237,"comment_status":"open","ping_status":"open","sticky":false,"template":"","format":"standard","meta":{"_jetpack_memberships_contains_paid_content":false,"footnotes":""},"categories":[1,6,3],"tags":[],"class_list":["post-28236","post","type-post","status-publish","format-standard","has-post-thumbnail","hentry","category-destaque","category-esporte","category-penedo"],"jetpack_featured_media_url":"https:\/\/www.oparanews.com.br\/wp-content\/uploads\/2023\/05\/4b800985-dab2-4b34-be60-08207f38f204.jpeg","jetpack_sharing_enabled":true,"_links":{"self":[{"href":"https:\/\/www.oparanews.com.br\/index.php\/wp-json\/wp\/v2\/posts\/28236","targetHints":{"allow":["GET"]}}],"collection":[{"href":"https:\/\/www.oparanews.com.br\/index.php\/wp-json\/wp\/v2\/posts"}],"about":[{"href":"https:\/\/www.oparanews.com.br\/index.php\/wp-json\/wp\/v2\/types\/post"}],"author":[{"embeddable":true,"href":"https:\/\/www.oparanews.com.br\/index.php\/wp-json\/wp\/v2\/users\/2"}],"replies":[{"embeddable":true,"href":"https:\/\/www.oparanews.com.br\/index.php\/wp-json\/wp\/v2\/comments?post=28236"}],"version-history":[{"count":2,"href":"https:\/\/www.oparanews.com.br\/index.php\/wp-json\/wp\/v2\/posts\/28236\/revisions"}],"predecessor-version":[{"id":28240,"href":"https:\/\/www.oparanews.com.br\/index.php\/wp-json\/wp\/v2\/posts\/28236\/revisions\/28240"}],"wp:featuredmedia":[{"embeddable":true,"href":"https:\/\/www.oparanews.com.br\/index.php\/wp-json\/wp\/v2\/media\/28237"}],"wp:attachment":[{"href":"https:\/\/www.oparanews.com.br\/index.php\/wp-json\/wp\/v2\/media?parent=28236"}],"wp:term":[{"taxonomy":"category","embeddable":true,"href":"https:\/\/www.oparanews.com.br\/index.php\/wp-json\/wp\/v2\/categories?post=28236"},{"taxonomy":"post_tag","embeddable":true,"href":"https:\/\/www.oparanews.com.br\/index.php\/wp-json\/wp\/v2\/tags?post=28236"}],"curies":[{"name":"wp","href":"https:\/\/api.w.org\/{rel}","templated":true}]}}