{"id":28244,"date":"2023-05-29T15:22:55","date_gmt":"2023-05-29T18:22:55","guid":{"rendered":"https:\/\/www.oparanews.com.br\/?p=28244"},"modified":"2023-05-29T15:22:55","modified_gmt":"2023-05-29T18:22:55","slug":"prefeitura-de-penedo-constroi-e-revitaliza-pracas-na-cidade-e-na-zona-rural","status":"publish","type":"post","link":"https:\/\/www.oparanews.com.br\/index.php\/2023\/05\/29\/prefeitura-de-penedo-constroi-e-revitaliza-pracas-na-cidade-e-na-zona-rural\/","title":{"rendered":"Prefeitura de Penedo constr\u00f3i e revitaliza pra\u00e7as na cidade e na zona rural"},"content":{"rendered":"<p>A Prefeitura de Penedo, sob a gest\u00e3o de Ronaldo Lopes\/Jo\u00e3o Lucas, est\u00e1 empenhada em promover \u00e1reas de conv\u00edvio social de qualidade para toda a popula\u00e7\u00e3o, da cidade e da zona rural.<\/p>\n<p>&nbsp;<\/p>\n<p>Construindo e revitalizando pra\u00e7as por meio do projeto \u201cA Pra\u00e7a \u00c9 Nossa! Eu Curto, Eu Cuido\u201d, o trabalho realizado por meio da Secretaria Municipal de Meio Ambiente e Recursos H\u00eddricos (SEMARH) e da Secretaria Municipal de Infraestrutura (Seinfra) tamb\u00e9m instala e recupera os brinquedos para a crian\u00e7ada.<\/p>\n<p>&nbsp;<\/p>\n<p>As pra\u00e7as do povoado Tabuleiro dos Negros e outras localidades, entre elas o bairro Dom Constantino, Cohab, Conjunto Rosete Andrade e Oiteiro s\u00e3o alguns dos espa\u00e7os p\u00fablicos que j\u00e1 receberam investimentos do governo Ronaldo Lopes\/Jo\u00e3o Lucas.<\/p>\n<p>&nbsp;<\/p>\n<p>\u201cA a\u00e7\u00e3o visa melhorar a qualidade desses locais, proporcionando um ambiente mais seguro e agrad\u00e1vel para os moradores e visitantes\u201d, disse o Secret\u00e1rio Irm\u00e3o Jo\u00e3o, gestor da SEMARH Penedo.<\/p>\n<p>&nbsp;<\/p>\n<p>Essas iniciativas refor\u00e7am o compromisso da administra\u00e7\u00e3o municipal em preservar o patrim\u00f4nio ambiental e promover o bem-estar da comunidade, com manuten\u00e7\u00e3o permanente dos logradouros por meio da Secretaria Municipal de Servi\u00e7os P\u00fablicos.[<\/p>\n<p>&nbsp;<\/p>\n<p>&nbsp;<\/p>\n<p>&nbsp;<\/p>\n<p><strong>Fonte: Secom PMP<\/strong><\/p>\n<p>&nbsp;<\/p>\n","protected":false},"excerpt":{"rendered":"<p>A Prefeitura de Penedo, sob a gest\u00e3o de Ronaldo Lopes\/Jo\u00e3o Lucas, est\u00e1 empenhada em promover \u00e1reas de conv\u00edvio social de qualidade para toda a popula\u00e7\u00e3o, da cidade e da zona rural. &nbsp; Construindo e revitalizando pra\u00e7as por meio do projeto \u201cA Pra\u00e7a \u00c9 Nossa! Eu Curto, Eu Cuido\u201d, o trabalho realizado por meio da Secretaria &hellip;<\/p>\n","protected":false},"author":2,"featured_media":28245,"comment_status":"open","ping_status":"open","sticky":false,"template":"","format":"standard","meta":{"_jetpack_memberships_contains_paid_content":false,"footnotes":""},"categories":[1,3],"tags":[],"class_list":["post-28244","post","type-post","status-publish","format-standard","has-post-thumbnail","hentry","category-destaque","category-penedo"],"jetpack_featured_media_url":"https:\/\/www.oparanews.com.br\/wp-content\/uploads\/2023\/05\/WhatsApp-Image-2023-05-29-at-11.18.07.jpeg","jetpack_sharing_enabled":true,"_links":{"self":[{"href":"https:\/\/www.oparanews.com.br\/index.php\/wp-json\/wp\/v2\/posts\/28244","targetHints":{"allow":["GET"]}}],"collection":[{"href":"https:\/\/www.oparanews.com.br\/index.php\/wp-json\/wp\/v2\/posts"}],"about":[{"href":"https:\/\/www.oparanews.com.br\/index.php\/wp-json\/wp\/v2\/types\/post"}],"author":[{"embeddable":true,"href":"https:\/\/www.oparanews.com.br\/index.php\/wp-json\/wp\/v2\/users\/2"}],"replies":[{"embeddable":true,"href":"https:\/\/www.oparanews.com.br\/index.php\/wp-json\/wp\/v2\/comments?post=28244"}],"version-history":[{"count":1,"href":"https:\/\/www.oparanews.com.br\/index.php\/wp-json\/wp\/v2\/posts\/28244\/revisions"}],"predecessor-version":[{"id":28246,"href":"https:\/\/www.oparanews.com.br\/index.php\/wp-json\/wp\/v2\/posts\/28244\/revisions\/28246"}],"wp:featuredmedia":[{"embeddable":true,"href":"https:\/\/www.oparanews.com.br\/index.php\/wp-json\/wp\/v2\/media\/28245"}],"wp:attachment":[{"href":"https:\/\/www.oparanews.com.br\/index.php\/wp-json\/wp\/v2\/media?parent=28244"}],"wp:term":[{"taxonomy":"category","embeddable":true,"href":"https:\/\/www.oparanews.com.br\/index.php\/wp-json\/wp\/v2\/categories?post=28244"},{"taxonomy":"post_tag","embeddable":true,"href":"https:\/\/www.oparanews.com.br\/index.php\/wp-json\/wp\/v2\/tags?post=28244"}],"curies":[{"name":"wp","href":"https:\/\/api.w.org\/{rel}","templated":true}]}}