{"id":28289,"date":"2023-06-01T16:57:45","date_gmt":"2023-06-01T19:57:45","guid":{"rendered":"https:\/\/www.oparanews.com.br\/?p=28289"},"modified":"2023-06-01T16:57:45","modified_gmt":"2023-06-01T19:57:45","slug":"circuito-penedo-de-cinema-lanca-edital-de-inscricao-filmes","status":"publish","type":"post","link":"https:\/\/www.oparanews.com.br\/index.php\/2023\/06\/01\/circuito-penedo-de-cinema-lanca-edital-de-inscricao-filmes\/","title":{"rendered":"Circuito Penedo de Cinema lan\u00e7a edital de inscri\u00e7\u00e3o filmes"},"content":{"rendered":"<p>Em edi\u00e7\u00e3o h\u00edbrida (online e presencial) e totalmente gratuita, o Circuito Penedo de Cinema chega \u00e0 13\u00aa edi\u00e7\u00e3o, de 13 a 19 de novembro de 2023, consolidando-se como uma janela para difus\u00e3o de filmes alagoanos e brasileiros, al\u00e9m de ser um instrumento para novos olhares e perspectivas sobre essa vasta produ\u00e7\u00e3o. O processo de inscri\u00e7\u00e3o dos curtas-metragens para as mostras competitivas inicia nesta quinta-feira (1) e vai at\u00e9 14 de julho de 2023. Para acessar o regulamento completo basta entrar no Instagram do Circuito (@circuitopenedo).<\/p>\n<p>&nbsp;<\/p>\n<p>A inscri\u00e7\u00e3o \u00e9 virtual, exclusivamente atrav\u00e9s da plataforma FilmFreeway. As obras audiovisuais podem ser inscritas em uma das tr\u00eas mostras competitivas que comp\u00f5em o Circuito: 16\u00ba Festival do Cinema Brasileiro, aberto para todos os realizadores, sem nenhuma restri\u00e7\u00e3o de abordagem, exceto filmes publicit\u00e1rios e institucionais; 13\u00ba Festival do Cinema Universit\u00e1rio de Alagoas, direcionado para produ\u00e7\u00f5es feitas nas institui\u00e7\u00f5es de ensino superior e escolas t\u00e9cnicas de cinema de qualquer parte do pa\u00eds; e 10\u00ba Festival Velho Chico de Cinema Ambiental que recebe curtas com tem\u00e1ticas direcionadas ao meio ambiente, com abordagem nos ambientes natural e antr\u00f3pico.<\/p>\n<p>&nbsp;<\/p>\n<p>Para concorrer, os proponentes t\u00eam que ser diretores ou produtores dos filmes, que devem ter at\u00e9 25 minutos de dura\u00e7\u00e3o, incluindo os cr\u00e9ditos, e n\u00e3o tenham participado de seletivas em edi\u00e7\u00f5es anteriores do Circuito Penedo. Al\u00e9m disso, precisam ter sido produzidos a partir de 2021. O resultado da sele\u00e7\u00e3o est\u00e1 programado para ser divulgado no dia 31 de agosto de 2023, podendo haver prorroga\u00e7\u00e3o a crit\u00e9rio da organiza\u00e7\u00e3o.<\/p>\n<p>&nbsp;<\/p>\n<p>As produ\u00e7\u00f5es selecionadas para as mostras competitivas ser\u00e3o avaliadas por um j\u00fari oficial convidado pelo evento, a ser divulgado posteriormente, e tamb\u00e9m por um j\u00fari popular, que ser\u00e1 definido a partir da vota\u00e7\u00e3o do p\u00fablico atrav\u00e9s do site. Os realizadores concorrer\u00e3o ao trof\u00e9u Canoa de Tolda de melhor filme em cada categoria (Brasileiro, Universit\u00e1rio e Ambiental).<\/p>\n<p>&nbsp;<\/p>\n<p>Al\u00e9m das tradicionais mostras competitivas, o Circuito apresenta outra, sem car\u00e1ter competitivo: a 12\u00aa edi\u00e7\u00e3o da Mostra de Cinema Infantil, que tamb\u00e9m est\u00e1 recebendo propostas de curtas-metragens. A sele\u00e7\u00e3o da curadoria se dar\u00e1 a partir das inscri\u00e7\u00f5es volunt\u00e1rias dos realizadores, conforme o edital lan\u00e7ado nesta quinta-feira.<\/p>\n<p>&nbsp;<\/p>\n<p>Para a secret\u00e1ria de Estado da Cultura e Economia Criativa, Mellina Freitas, o Circuito Penedo de Cinema Penedo de Cinema reafirma o compromisso de valorizar e promover a produ\u00e7\u00e3o cinematogr\u00e1fica alagoana e brasileira. \u201cEste evento \u00e9 uma oportunidade imperd\u00edvel para cineastas apresentarem suas obras, abrindo espa\u00e7o para novos olhares e perspectivas sobre o vasto patrim\u00f4nio audiovisual. Al\u00e9m disso, o Circuito fortalece a conex\u00e3o entre o cinema e a educa\u00e7\u00e3o, proporcionando debates, oficinas e momentos de reflex\u00e3o. Convido todos os realizadores a participarem desse evento \u00fanico, que contribui para o desenvolvimento da cultura e economia criativa em nosso estado.&#8221;<\/p>\n<p>&nbsp;<\/p>\n<p>Para mais esclarecimentos sobre o edital, basta entrar em contato pelo e-mail: produ\u00e7\u00e3o.circuitopenedo@gmail.com.<\/p>\n<p>&nbsp;<\/p>\n<p><strong>O Circuito<\/strong><\/p>\n<p>&nbsp;<\/p>\n<p>Ano ap\u00f3s ano, o Circuito Penedo de Cinema se reinventa e busca abrir espa\u00e7o para novas discuss\u00f5es, sempre reafirmando seu papel como instrumento para olhares e perspectivas sobre o vasto patrim\u00f4nio audiovisual alagoano e nacional, em di\u00e1logo com a educa\u00e7\u00e3o. Durante sete dias, a cidade hist\u00f3rica de Penedo recebe uma programa\u00e7\u00e3o gratuita e intensa. Com a execu\u00e7\u00e3o tamb\u00e9m digital do Circuito, os filmes selecionados para mostras competitivas ficam disponibilizados no site oficial durante toda a semana do evento. O programa ainda engloba a exibi\u00e7\u00e3o de longas-metragens, debate com realizadores, roda de conversas, oficinas, feira criativa e apresenta\u00e7\u00f5es culturais.<\/p>\n<p>&nbsp;<\/p>\n<p>H\u00e1 mais de uma d\u00e9cada o Circuito se apresenta como um lugar de resist\u00eancia e luta, promovendo a retomada dos grandes festivais de cinema que ocuparam a cidade hist\u00f3rica de Penedo, nas d\u00e9cadas de 1970 e 1980. \u00c9 nesse contexto de reafirma\u00e7\u00e3o do cinema nacional, de suas produ\u00e7\u00f5es e da empregabilidade promovida pelo setor que o evento se faz ainda mais importante.<\/p>\n<p>&nbsp;<\/p>\n<p>O Circuito, composto por tr\u00eas festivais competitivos, mostras n\u00e3o competitivas e pelo 13\u00ba Encontro de Cinema Alagoano, \u00e9 uma realiza\u00e7\u00e3o do Instituto de Estudos Culturais, Pol\u00edticos e Sociais do Homem Contempor\u00e2neo (IECPS), do Governo de Alagoas, atrav\u00e9s da Secretaria de Estado da Cultura e Economia Criativa (Secult) e da Universidade Federal de Alagoas (UFAL), com patroc\u00ednio do Comit\u00ea da Bacia Hidrogr\u00e1fica do Rio S\u00e3o Francisco (CBHSF), da Prefeitura de Penedo e do Sebrae Alagoas.<\/p>\n<p>&nbsp;<\/p>\n<p>&nbsp;<\/p>\n<p>&nbsp;<\/p>\n<p>&nbsp;<\/p>\n<p><strong>por Raphael von Sohsten\/Assessoria Circuito Penedo<\/strong><\/p>\n<p>&nbsp;<\/p>\n","protected":false},"excerpt":{"rendered":"<p>Em edi\u00e7\u00e3o h\u00edbrida (online e presencial) e totalmente gratuita, o Circuito Penedo de Cinema chega \u00e0 13\u00aa edi\u00e7\u00e3o, de 13 a 19 de novembro de 2023, consolidando-se como uma janela para difus\u00e3o de filmes alagoanos e brasileiros, al\u00e9m de ser um instrumento para novos olhares e perspectivas sobre essa vasta produ\u00e7\u00e3o. O processo de inscri\u00e7\u00e3o &hellip;<\/p>\n","protected":false},"author":2,"featured_media":28290,"comment_status":"open","ping_status":"open","sticky":false,"template":"","format":"standard","meta":{"_jetpack_memberships_contains_paid_content":false,"footnotes":""},"categories":[1,3],"tags":[],"class_list":["post-28289","post","type-post","status-publish","format-standard","has-post-thumbnail","hentry","category-destaque","category-penedo"],"jetpack_featured_media_url":"https:\/\/www.oparanews.com.br\/wp-content\/uploads\/2023\/06\/logo.jpg","jetpack_sharing_enabled":true,"_links":{"self":[{"href":"https:\/\/www.oparanews.com.br\/index.php\/wp-json\/wp\/v2\/posts\/28289","targetHints":{"allow":["GET"]}}],"collection":[{"href":"https:\/\/www.oparanews.com.br\/index.php\/wp-json\/wp\/v2\/posts"}],"about":[{"href":"https:\/\/www.oparanews.com.br\/index.php\/wp-json\/wp\/v2\/types\/post"}],"author":[{"embeddable":true,"href":"https:\/\/www.oparanews.com.br\/index.php\/wp-json\/wp\/v2\/users\/2"}],"replies":[{"embeddable":true,"href":"https:\/\/www.oparanews.com.br\/index.php\/wp-json\/wp\/v2\/comments?post=28289"}],"version-history":[{"count":2,"href":"https:\/\/www.oparanews.com.br\/index.php\/wp-json\/wp\/v2\/posts\/28289\/revisions"}],"predecessor-version":[{"id":28292,"href":"https:\/\/www.oparanews.com.br\/index.php\/wp-json\/wp\/v2\/posts\/28289\/revisions\/28292"}],"wp:featuredmedia":[{"embeddable":true,"href":"https:\/\/www.oparanews.com.br\/index.php\/wp-json\/wp\/v2\/media\/28290"}],"wp:attachment":[{"href":"https:\/\/www.oparanews.com.br\/index.php\/wp-json\/wp\/v2\/media?parent=28289"}],"wp:term":[{"taxonomy":"category","embeddable":true,"href":"https:\/\/www.oparanews.com.br\/index.php\/wp-json\/wp\/v2\/categories?post=28289"},{"taxonomy":"post_tag","embeddable":true,"href":"https:\/\/www.oparanews.com.br\/index.php\/wp-json\/wp\/v2\/tags?post=28289"}],"curies":[{"name":"wp","href":"https:\/\/api.w.org\/{rel}","templated":true}]}}