{"id":28299,"date":"2023-06-02T15:34:51","date_gmt":"2023-06-02T18:34:51","guid":{"rendered":"https:\/\/www.oparanews.com.br\/?p=28299"},"modified":"2023-06-02T15:34:51","modified_gmt":"2023-06-02T18:34:51","slug":"prefeito-ronaldo-lopes-reune-secretarios-para-debater-acoes-do-programa-futuro-turismo-brasil","status":"publish","type":"post","link":"https:\/\/www.oparanews.com.br\/index.php\/2023\/06\/02\/prefeito-ronaldo-lopes-reune-secretarios-para-debater-acoes-do-programa-futuro-turismo-brasil\/","title":{"rendered":"Prefeito Ronaldo Lopes re\u00fane secret\u00e1rios para debater a\u00e7\u00f5es do Programa Futuro Turismo Brasil"},"content":{"rendered":"<p>O Prefeito Ronaldo Lopes reuniu todos os secret\u00e1rios municipais para explanar as principais a\u00e7\u00f5es e estrat\u00e9gias de fortalecimento do turismo para consolidar Penedo como um Destino Tur\u00edstico Inteligente (DTI).<\/p>\n<p>&nbsp;<\/p>\n<p>Juntamente com Jair Galv\u00e3o, gestor da Secret\u00e1ria Municipal de Turismo e Economia Criativa (SETUREC), Ronaldo Lopes apresentou as propostas e a\u00e7\u00f5es planejadas para os nove eixos estrat\u00e9gicos do programa (Governan\u00e7a, Sustentabilidade, Tecnologia, Inova\u00e7\u00e3o, Marketing, Experi\u00eancia, Acessibilidade, Criatividade, Mobilidade e Transporte e Seguran\u00e7a).<\/p>\n<p>&nbsp;<\/p>\n<p>Durante a reuni\u00e3o realizada na quinta-feira, 01, tamb\u00e9m foram apresentadas as experi\u00eancias no primeiro encontro do Programa Futuro Turismo Brasil, que reuniu todos os doze munic\u00edpios selecionados, em Curitiba, no m\u00eas de maio.<\/p>\n<p>&nbsp;<\/p>\n<p>De acordo com o Prefeito Ronaldo Lopes, \u00e9 agora que come\u00e7a o dever de casa.<\/p>\n<p>&nbsp;<\/p>\n<p>\u201cEmbora seja uma conquista da Prefeitura de Penedo, atrav\u00e9s da Secretaria de Turismo e Economia Criativa, \u00e9 uma a\u00e7\u00e3o conjunta e envolve todas as secretarias em diferentes aspectos. \u00c9 uma a\u00e7\u00e3o muito importante para Penedo e depende de todos. Tenho certeza que, juntos, vamos vencer mais esse desafio\u201d, explicou o gestor do munic\u00edpio de Penedo.<\/p>\n<p><a href=\"http:\/\/www.oparanews.com.br\/wp-content\/uploads\/2023\/06\/reuniao-programa-destino-turistico-inteligente-2.jpeg\"><img loading=\"lazy\" decoding=\"async\" class=\"aligncenter size-full wp-image-28301\" src=\"http:\/\/www.oparanews.com.br\/wp-content\/uploads\/2023\/06\/reuniao-programa-destino-turistico-inteligente-2.jpeg\" alt=\"\" width=\"1600\" height=\"1066\" srcset=\"https:\/\/www.oparanews.com.br\/wp-content\/uploads\/2023\/06\/reuniao-programa-destino-turistico-inteligente-2.jpeg 1600w, https:\/\/www.oparanews.com.br\/wp-content\/uploads\/2023\/06\/reuniao-programa-destino-turistico-inteligente-2-300x200.jpeg 300w, https:\/\/www.oparanews.com.br\/wp-content\/uploads\/2023\/06\/reuniao-programa-destino-turistico-inteligente-2-1024x682.jpeg 1024w, https:\/\/www.oparanews.com.br\/wp-content\/uploads\/2023\/06\/reuniao-programa-destino-turistico-inteligente-2-768x512.jpeg 768w, https:\/\/www.oparanews.com.br\/wp-content\/uploads\/2023\/06\/reuniao-programa-destino-turistico-inteligente-2-1536x1023.jpeg 1536w\" sizes=\"auto, (max-width: 1600px) 100vw, 1600px\" \/><\/a><\/p>\n<p>\u201cEsse encontro com todo o secretariado \u00e9 fundamental para iniciarmos o processo de entrega das a\u00e7\u00f5es-chave que ir\u00e3o fortalecer Penedo como Destino Tur\u00edstico Inteligente de inova\u00e7\u00e3o e tecnologia, mais um conjunto de a\u00e7\u00f5es para alavancar essa atividade econ\u00f4mica t\u00e3o importante para o munic\u00edpio\u201d, disse Jair Galv\u00e3o.<\/p>\n<p>&nbsp;<\/p>\n<p>Penedo ficou entre os doze munic\u00edpios selecionados do Programa Turismo Futuro Brasil, que \u00e9 promovido pelo Sebrae Nacional e pelo Banco Interamericano de Desenvolvimento (BID).<\/p>\n<p>&nbsp;<\/p>\n<p>&nbsp;<\/p>\n<p>&nbsp;<\/p>\n<p><strong>Fonte: Secom PMP<\/strong><\/p>\n<p>&nbsp;<\/p>\n","protected":false},"excerpt":{"rendered":"<p>O Prefeito Ronaldo Lopes reuniu todos os secret\u00e1rios municipais para explanar as principais a\u00e7\u00f5es e estrat\u00e9gias de fortalecimento do turismo para consolidar Penedo como um Destino Tur\u00edstico Inteligente (DTI). &nbsp; Juntamente com Jair Galv\u00e3o, gestor da Secret\u00e1ria Municipal de Turismo e Economia Criativa (SETUREC), Ronaldo Lopes apresentou as propostas e a\u00e7\u00f5es planejadas para os nove &hellip;<\/p>\n","protected":false},"author":2,"featured_media":28300,"comment_status":"open","ping_status":"open","sticky":false,"template":"","format":"standard","meta":{"_jetpack_memberships_contains_paid_content":false,"footnotes":""},"categories":[1,3],"tags":[],"class_list":["post-28299","post","type-post","status-publish","format-standard","has-post-thumbnail","hentry","category-destaque","category-penedo"],"jetpack_featured_media_url":"https:\/\/www.oparanews.com.br\/wp-content\/uploads\/2023\/06\/ronaldo-lopes-programa-futuro-brasil.jpeg","jetpack_sharing_enabled":true,"_links":{"self":[{"href":"https:\/\/www.oparanews.com.br\/index.php\/wp-json\/wp\/v2\/posts\/28299","targetHints":{"allow":["GET"]}}],"collection":[{"href":"https:\/\/www.oparanews.com.br\/index.php\/wp-json\/wp\/v2\/posts"}],"about":[{"href":"https:\/\/www.oparanews.com.br\/index.php\/wp-json\/wp\/v2\/types\/post"}],"author":[{"embeddable":true,"href":"https:\/\/www.oparanews.com.br\/index.php\/wp-json\/wp\/v2\/users\/2"}],"replies":[{"embeddable":true,"href":"https:\/\/www.oparanews.com.br\/index.php\/wp-json\/wp\/v2\/comments?post=28299"}],"version-history":[{"count":1,"href":"https:\/\/www.oparanews.com.br\/index.php\/wp-json\/wp\/v2\/posts\/28299\/revisions"}],"predecessor-version":[{"id":28302,"href":"https:\/\/www.oparanews.com.br\/index.php\/wp-json\/wp\/v2\/posts\/28299\/revisions\/28302"}],"wp:featuredmedia":[{"embeddable":true,"href":"https:\/\/www.oparanews.com.br\/index.php\/wp-json\/wp\/v2\/media\/28300"}],"wp:attachment":[{"href":"https:\/\/www.oparanews.com.br\/index.php\/wp-json\/wp\/v2\/media?parent=28299"}],"wp:term":[{"taxonomy":"category","embeddable":true,"href":"https:\/\/www.oparanews.com.br\/index.php\/wp-json\/wp\/v2\/categories?post=28299"},{"taxonomy":"post_tag","embeddable":true,"href":"https:\/\/www.oparanews.com.br\/index.php\/wp-json\/wp\/v2\/tags?post=28299"}],"curies":[{"name":"wp","href":"https:\/\/api.w.org\/{rel}","templated":true}]}}