{"id":28303,"date":"2023-06-02T15:36:10","date_gmt":"2023-06-02T18:36:10","guid":{"rendered":"https:\/\/www.oparanews.com.br\/?p=28303"},"modified":"2023-06-02T15:36:10","modified_gmt":"2023-06-02T18:36:10","slug":"campanha-de-vacinacao-contra-a-influenza-e-prorrogada-em-penedo","status":"publish","type":"post","link":"https:\/\/www.oparanews.com.br\/index.php\/2023\/06\/02\/campanha-de-vacinacao-contra-a-influenza-e-prorrogada-em-penedo\/","title":{"rendered":"Campanha de vacina\u00e7\u00e3o contra a Influenza \u00e9 prorrogada em Penedo"},"content":{"rendered":"<p>O Minist\u00e9rio da Sa\u00fade prorrogou a Campanha Nacional contra a Influenza, que iria ser encerrada na \u00faltima quarta-feira (31). O novo prazo para tomar a vacina \u00e9 at\u00e9 o dia 30 de junho, amplia\u00e7\u00e3o que tamb\u00e9m ocorre em Penedo.<\/p>\n<p>&nbsp;<\/p>\n<p>As pessoas a partir de 6 meses de idade, com ou sem comorbidades, e que ainda n\u00e3o tomaram a dose este ano podem ir ao posto da Secretaria Municipal de Sa\u00fade (SEMS) mais pr\u00f3ximo para se imunizar.<\/p>\n<p>&nbsp;<\/p>\n<p>A vacina \u00e9 fundamental para reduzir a carga da doen\u00e7a, principalmente em pessoas com problemas de sa\u00fade e idosos no per\u00edodo do inverno. Vale ressaltar que a vacina da gripe \u00e9 fabricada com v\u00edrus inativados, fragmentados e purificados, ou seja, n\u00e3o \u00e9 capaz de induzir o desenvolvimento da doen\u00e7a.<\/p>\n<p>&nbsp;<\/p>\n<p>Al\u00e9m da vacina contra Influenza, cuidados di\u00e1rios ajudam a evitar a dissemina\u00e7\u00e3o da gripe: lave as m\u00e3os ou use \u00e1lcool em gel, cobrir o nariz e a boca ao espirrar ou tossir e usar m\u00e1scara quando apresentar sintomas gripais.<\/p>\n<p>&nbsp;<\/p>\n<p>&nbsp;<\/p>\n<p>&nbsp;<\/p>\n<p><strong>Fonte: Assessoria SEMS<\/strong><\/p>\n<p>&nbsp;<\/p>\n","protected":false},"excerpt":{"rendered":"<p>O Minist\u00e9rio da Sa\u00fade prorrogou a Campanha Nacional contra a Influenza, que iria ser encerrada na \u00faltima quarta-feira (31). O novo prazo para tomar a vacina \u00e9 at\u00e9 o dia 30 de junho, amplia\u00e7\u00e3o que tamb\u00e9m ocorre em Penedo. &nbsp; As pessoas a partir de 6 meses de idade, com ou sem comorbidades, e que &hellip;<\/p>\n","protected":false},"author":2,"featured_media":28304,"comment_status":"open","ping_status":"open","sticky":false,"template":"","format":"standard","meta":{"_jetpack_memberships_contains_paid_content":false,"footnotes":""},"categories":[1,3],"tags":[],"class_list":["post-28303","post","type-post","status-publish","format-standard","has-post-thumbnail","hentry","category-destaque","category-penedo"],"jetpack_featured_media_url":"https:\/\/www.oparanews.com.br\/wp-content\/uploads\/2023\/06\/penedo-vacinacao-gripe-h1n1-influenza.jpg","jetpack_sharing_enabled":true,"_links":{"self":[{"href":"https:\/\/www.oparanews.com.br\/index.php\/wp-json\/wp\/v2\/posts\/28303","targetHints":{"allow":["GET"]}}],"collection":[{"href":"https:\/\/www.oparanews.com.br\/index.php\/wp-json\/wp\/v2\/posts"}],"about":[{"href":"https:\/\/www.oparanews.com.br\/index.php\/wp-json\/wp\/v2\/types\/post"}],"author":[{"embeddable":true,"href":"https:\/\/www.oparanews.com.br\/index.php\/wp-json\/wp\/v2\/users\/2"}],"replies":[{"embeddable":true,"href":"https:\/\/www.oparanews.com.br\/index.php\/wp-json\/wp\/v2\/comments?post=28303"}],"version-history":[{"count":1,"href":"https:\/\/www.oparanews.com.br\/index.php\/wp-json\/wp\/v2\/posts\/28303\/revisions"}],"predecessor-version":[{"id":28305,"href":"https:\/\/www.oparanews.com.br\/index.php\/wp-json\/wp\/v2\/posts\/28303\/revisions\/28305"}],"wp:featuredmedia":[{"embeddable":true,"href":"https:\/\/www.oparanews.com.br\/index.php\/wp-json\/wp\/v2\/media\/28304"}],"wp:attachment":[{"href":"https:\/\/www.oparanews.com.br\/index.php\/wp-json\/wp\/v2\/media?parent=28303"}],"wp:term":[{"taxonomy":"category","embeddable":true,"href":"https:\/\/www.oparanews.com.br\/index.php\/wp-json\/wp\/v2\/categories?post=28303"},{"taxonomy":"post_tag","embeddable":true,"href":"https:\/\/www.oparanews.com.br\/index.php\/wp-json\/wp\/v2\/tags?post=28303"}],"curies":[{"name":"wp","href":"https:\/\/api.w.org\/{rel}","templated":true}]}}