{"id":28322,"date":"2023-06-03T22:48:07","date_gmt":"2023-06-04T01:48:07","guid":{"rendered":"https:\/\/www.oparanews.com.br\/?p=28322"},"modified":"2023-06-03T22:48:07","modified_gmt":"2023-06-04T01:48:07","slug":"roberto-jefferson-cai-em-cela-e-assessoria-diz-que-ele-pode-ter-sofrido-traumatismo-craniano","status":"publish","type":"post","link":"https:\/\/www.oparanews.com.br\/index.php\/2023\/06\/03\/roberto-jefferson-cai-em-cela-e-assessoria-diz-que-ele-pode-ter-sofrido-traumatismo-craniano\/","title":{"rendered":"Roberto Jefferson cai em cela e assessoria diz que ele pode ter sofrido traumatismo craniano"},"content":{"rendered":"<p>A defesa do ex-deputado federal Roberto Jefferson (PTB) pediu ao Supremo Tribunal Federal (STF) autoriza\u00e7\u00e3o para fazer tratamento m\u00e9dico fora da cadeia. O pol\u00edtico, de acordo com sua assessoria, caiu em sua cela na \u00faltima sexta-feira (2\/6) e est\u00e1 com suspeita de traumatismo craniano.<\/p>\n<p>&nbsp;<\/p>\n<p>Jefferson est\u00e1 preso no Complexo de Gericin\u00f3, em Bangu, desde outubro do ano passado, quando atirou e jogou granadas contra agentes da Pol\u00edcia Federal.<\/p>\n<p>&nbsp;<\/p>\n<p>\u201cO quadro do Roberto Jefferson se agravou. Ele desmaiou, pode estar com traumatismo craniano, est\u00e1 extremamente desorientado e muito, muito mal\u201d, diz comunicado da assessoria divulgado neste s\u00e1bado (3\/6). \u201cEsse \u00e9 o estado atual de sa\u00fade dele. E o laudo da SEAP [Secretaria de Administra\u00e7\u00e3o Penitenci\u00e1ria do Rio] \u00e9 claro no sentido de que a perda de peso pode sim ser decorrente de um retorno do c\u00e2ncer\u201d, concluiu a nota.<\/p>\n<p>&nbsp;<\/p>\n<p>Esse laudo, segundo o jornal O Globo, diz que o preso tem quadro depressivo, n\u00e3o tem se alimentado de maneira adequada e perdeu 16,5 kg desde que entrou no sistema.<\/p>\n<p>&nbsp;<\/p>\n<p>O ministro Alexandre de Moraes, do STF, pediu esse laudo e agora espera manifesta\u00e7\u00e3o da Procuradoria Geral da Uni\u00e3o (PGR) para decidir se autoriza a ida de Roberto Jefferson para um hospital particular. Ele est\u00e1 sendo atendido no Hospital Penitenci\u00e1rio Hamilton Agostinho, onde n\u00e3o h\u00e1 a possibilidade de fazer um exame para detectar o traumatismo craniano.<\/p>\n<p>&nbsp;<\/p>\n<p><strong>Pris\u00e3o de Roberto Jefferson<\/strong><\/p>\n<p>&nbsp;<\/p>\n<p>O ex-deputado federal Roberto Jefferson est\u00e1 preso desde outubro do ano passado, quando o pol\u00edtico atirou cerca de 50 vezes contra quatro policiais federais que foram at\u00e9 a sua resid\u00eancia para cumprir um mandado de pris\u00e3o expedido por Alexandre de Moraes.<\/p>\n<p>&nbsp;<\/p>\n<p>Na ocasi\u00e3o, foram apreendidas armas de fogo e mais de 8 mil muni\u00e7\u00f5es na casa do pol\u00edtico. Jefferson \u00e9 acusado de posse ilegal de armas e muni\u00e7\u00f5es, posse de tr\u00eas granadas adulteradas, resist\u00eancia qualificada e tentativa de homic\u00eddio contra os agentes federais.<\/p>\n<p>&nbsp;<\/p>\n<p>&nbsp;<\/p>\n<p>&nbsp;<\/p>\n<p><strong>Fonte: Metr\u00f3poles<\/strong><\/p>\n<p>&nbsp;<\/p>\n","protected":false},"excerpt":{"rendered":"<p>A defesa do ex-deputado federal Roberto Jefferson (PTB) pediu ao Supremo Tribunal Federal (STF) autoriza\u00e7\u00e3o para fazer tratamento m\u00e9dico fora da cadeia. O pol\u00edtico, de acordo com sua assessoria, caiu em sua cela na \u00faltima sexta-feira (2\/6) e est\u00e1 com suspeita de traumatismo craniano. &nbsp; Jefferson est\u00e1 preso no Complexo de Gericin\u00f3, em Bangu, desde &hellip;<\/p>\n","protected":false},"author":2,"featured_media":28323,"comment_status":"open","ping_status":"open","sticky":false,"template":"","format":"standard","meta":{"_jetpack_memberships_contains_paid_content":false,"footnotes":""},"categories":[5],"tags":[],"class_list":["post-28322","post","type-post","status-publish","format-standard","has-post-thumbnail","hentry","category-brasil-mundo"],"jetpack_featured_media_url":"https:\/\/www.oparanews.com.br\/wp-content\/uploads\/2023\/06\/rsw_800h_500i_truecg_trueft_cover.webp","jetpack_sharing_enabled":true,"_links":{"self":[{"href":"https:\/\/www.oparanews.com.br\/index.php\/wp-json\/wp\/v2\/posts\/28322","targetHints":{"allow":["GET"]}}],"collection":[{"href":"https:\/\/www.oparanews.com.br\/index.php\/wp-json\/wp\/v2\/posts"}],"about":[{"href":"https:\/\/www.oparanews.com.br\/index.php\/wp-json\/wp\/v2\/types\/post"}],"author":[{"embeddable":true,"href":"https:\/\/www.oparanews.com.br\/index.php\/wp-json\/wp\/v2\/users\/2"}],"replies":[{"embeddable":true,"href":"https:\/\/www.oparanews.com.br\/index.php\/wp-json\/wp\/v2\/comments?post=28322"}],"version-history":[{"count":1,"href":"https:\/\/www.oparanews.com.br\/index.php\/wp-json\/wp\/v2\/posts\/28322\/revisions"}],"predecessor-version":[{"id":28324,"href":"https:\/\/www.oparanews.com.br\/index.php\/wp-json\/wp\/v2\/posts\/28322\/revisions\/28324"}],"wp:featuredmedia":[{"embeddable":true,"href":"https:\/\/www.oparanews.com.br\/index.php\/wp-json\/wp\/v2\/media\/28323"}],"wp:attachment":[{"href":"https:\/\/www.oparanews.com.br\/index.php\/wp-json\/wp\/v2\/media?parent=28322"}],"wp:term":[{"taxonomy":"category","embeddable":true,"href":"https:\/\/www.oparanews.com.br\/index.php\/wp-json\/wp\/v2\/categories?post=28322"},{"taxonomy":"post_tag","embeddable":true,"href":"https:\/\/www.oparanews.com.br\/index.php\/wp-json\/wp\/v2\/tags?post=28322"}],"curies":[{"name":"wp","href":"https:\/\/api.w.org\/{rel}","templated":true}]}}