{"id":28331,"date":"2023-06-05T22:58:18","date_gmt":"2023-06-06T01:58:18","guid":{"rendered":"https:\/\/www.oparanews.com.br\/?p=28331"},"modified":"2023-06-05T22:58:18","modified_gmt":"2023-06-06T01:58:18","slug":"prefeitura-de-penedo-lanca-vacina-no-braco-pao-na-mao-para-incentivar-adesao-a-vacina-contra-gripe","status":"publish","type":"post","link":"https:\/\/www.oparanews.com.br\/index.php\/2023\/06\/05\/prefeitura-de-penedo-lanca-vacina-no-braco-pao-na-mao-para-incentivar-adesao-a-vacina-contra-gripe\/","title":{"rendered":"Prefeitura de Penedo lan\u00e7a Vacina no Bra\u00e7o, P\u00e3o na M\u00e3o para incentivar ades\u00e3o \u00e0 vacina contra gripe"},"content":{"rendered":"<p>Trazer inova\u00e7\u00f5es e solu\u00e7\u00f5es para garantir a sa\u00fade da popula\u00e7\u00e3o \u00e9 compromisso da gest\u00e3o Ronaldo Lopes\/Jo\u00e3o Lucas e para aumentar a cobertura vacinal contra a gripe Influenza (H1N1), a Secretaria Municipal de Sa\u00fade (SEMS) inicia nesta ter\u00e7a-feira (06), a a\u00e7\u00e3o \u201cVacina no Bra\u00e7o, P\u00e3o na M\u00e3o\u201d.<\/p>\n<p>&nbsp;<\/p>\n<p>A SEMS Penedo est\u00e1 levando a imuniza\u00e7\u00e3o para mais perto das pessoas, utilizando o \u2018carro da vacina\u2019 em bairros de Penedo, sempre a partir das 17h30, com uma equipe de sa\u00fade pronta para vacinar, conforme cronograma abaixo do texto.<\/p>\n<p>&nbsp;<\/p>\n<p>E quem receber a dose da vacina nesse sistema, vai ganhar cinco p\u00e3es. A expectativa da Secretaria de Sa\u00fade de Penedo \u00e9 distribuir mais de 1.500 p\u00e3es durante a a\u00e7\u00e3o em cada \u00e1rea visitada.<\/p>\n<p>&nbsp;<\/p>\n<p>A estrat\u00e9gia que visa proteger o povo de Penedo \u00e9 uma parceria com o programa Educa\u00e7\u00e3o Solid\u00e1ria, da Secretaria Municipal de Educa\u00e7\u00e3o, e tem como objetivo realizar uma busca ativa de pessoas que ainda n\u00e3o tomaram a vacina.<\/p>\n<p>&nbsp;<\/p>\n<p>Dessa forma, a Prefeitura de Penedo evita que o v\u00edrus circule com facilidade no munic\u00edpio. A novidade faz parte de uma s\u00e9rie de a\u00e7\u00f5es estrat\u00e9gicas realizadas pela SEMS Penedo, ap\u00f3s o Minist\u00e9rio da Sa\u00fade liberar a vacina\u00e7\u00e3o contra a gripe para toda a popula\u00e7\u00e3o acima dos seis meses de idade.<\/p>\n<p>&nbsp;<\/p>\n<p>Vale lembrar que a campanha foi prorrogada at\u00e9 o dia 30 de junho e j\u00e1 houve a imuniza\u00e7\u00e3o de professores de escolas p\u00fablicas e privadas, das for\u00e7as de seguran\u00e7a e da popula\u00e7\u00e3o em geral, inclusive nos s\u00e1bados do m\u00eas maio com o Expresso Sa\u00fade em pontos estrat\u00e9gicos, culminando com drive-thru na Pra\u00e7a J\u00e1come Calheiros no \u00faltimo dia 27 de maio.<\/p>\n<p>&nbsp;<\/p>\n<p>Cronograma Vacina no Bra\u00e7o, P\u00e3o na M\u00e3o<\/p>\n<p>&nbsp;<\/p>\n<p>06\/06 \u2013 Posto de Sa\u00fade da Vila Mathias<\/p>\n<p>07\/06 \u2013 Pra\u00e7a da Santa Luzia<\/p>\n<p>12\/06 \u2013Porta do Col\u00e9gio Estadual<\/p>\n<p>13\/06 \u2013 Pra\u00e7a Santa Cruz, no Raimundinho 09<\/p>\n<p>14\/06 \u2013 Pra\u00e7a do Raimundinho, no Oiteiro<\/p>\n<p>16\/06 \u2013 Posto de Sa\u00fade Gabriel 04<\/p>\n<p>&nbsp;<\/p>\n<p>&nbsp;<\/p>\n<p>&nbsp;<\/p>\n<p><strong>Fonte: Assessoria SEMS Penedo<\/strong><\/p>\n<p>&nbsp;<\/p>\n","protected":false},"excerpt":{"rendered":"<p>Trazer inova\u00e7\u00f5es e solu\u00e7\u00f5es para garantir a sa\u00fade da popula\u00e7\u00e3o \u00e9 compromisso da gest\u00e3o Ronaldo Lopes\/Jo\u00e3o Lucas e para aumentar a cobertura vacinal contra a gripe Influenza (H1N1), a Secretaria Municipal de Sa\u00fade (SEMS) inicia nesta ter\u00e7a-feira (06), a a\u00e7\u00e3o \u201cVacina no Bra\u00e7o, P\u00e3o na M\u00e3o\u201d. &nbsp; A SEMS Penedo est\u00e1 levando a imuniza\u00e7\u00e3o para &hellip;<\/p>\n","protected":false},"author":2,"featured_media":28332,"comment_status":"open","ping_status":"open","sticky":false,"template":"","format":"standard","meta":{"_jetpack_memberships_contains_paid_content":false,"footnotes":""},"categories":[1,3],"tags":[],"class_list":["post-28331","post","type-post","status-publish","format-standard","has-post-thumbnail","hentry","category-destaque","category-penedo"],"jetpack_featured_media_url":"https:\/\/www.oparanews.com.br\/wp-content\/uploads\/2023\/06\/carro-vacina-covid-sems-penedo-foto-fernando-vinicius.jpeg","jetpack_sharing_enabled":true,"_links":{"self":[{"href":"https:\/\/www.oparanews.com.br\/index.php\/wp-json\/wp\/v2\/posts\/28331","targetHints":{"allow":["GET"]}}],"collection":[{"href":"https:\/\/www.oparanews.com.br\/index.php\/wp-json\/wp\/v2\/posts"}],"about":[{"href":"https:\/\/www.oparanews.com.br\/index.php\/wp-json\/wp\/v2\/types\/post"}],"author":[{"embeddable":true,"href":"https:\/\/www.oparanews.com.br\/index.php\/wp-json\/wp\/v2\/users\/2"}],"replies":[{"embeddable":true,"href":"https:\/\/www.oparanews.com.br\/index.php\/wp-json\/wp\/v2\/comments?post=28331"}],"version-history":[{"count":1,"href":"https:\/\/www.oparanews.com.br\/index.php\/wp-json\/wp\/v2\/posts\/28331\/revisions"}],"predecessor-version":[{"id":28333,"href":"https:\/\/www.oparanews.com.br\/index.php\/wp-json\/wp\/v2\/posts\/28331\/revisions\/28333"}],"wp:featuredmedia":[{"embeddable":true,"href":"https:\/\/www.oparanews.com.br\/index.php\/wp-json\/wp\/v2\/media\/28332"}],"wp:attachment":[{"href":"https:\/\/www.oparanews.com.br\/index.php\/wp-json\/wp\/v2\/media?parent=28331"}],"wp:term":[{"taxonomy":"category","embeddable":true,"href":"https:\/\/www.oparanews.com.br\/index.php\/wp-json\/wp\/v2\/categories?post=28331"},{"taxonomy":"post_tag","embeddable":true,"href":"https:\/\/www.oparanews.com.br\/index.php\/wp-json\/wp\/v2\/tags?post=28331"}],"curies":[{"name":"wp","href":"https:\/\/api.w.org\/{rel}","templated":true}]}}