{"id":28334,"date":"2023-06-05T22:59:58","date_gmt":"2023-06-06T01:59:58","guid":{"rendered":"https:\/\/www.oparanews.com.br\/?p=28334"},"modified":"2023-06-05T22:59:58","modified_gmt":"2023-06-06T01:59:58","slug":"prefeitura-de-penedo-atua-de-forma-imediata-em-relacao-aos-danos-causados-pelas-chuvas","status":"publish","type":"post","link":"https:\/\/www.oparanews.com.br\/index.php\/2023\/06\/05\/prefeitura-de-penedo-atua-de-forma-imediata-em-relacao-aos-danos-causados-pelas-chuvas\/","title":{"rendered":"Prefeitura de Penedo atua de forma imediata em rela\u00e7\u00e3o aos danos causados pelas chuvas"},"content":{"rendered":"<p>As fortes chuvas do final de semana causaram danos em alguns pontos em Penedo, com a\u00e7\u00e3o imediata da gest\u00e3o Ronaldo Lopes\/Jo\u00e3o Lucas na cidade e na zona rural.<\/p>\n<p>&nbsp;<\/p>\n<p>Equipes da Secretaria Municipal de Infraestrutura (Seinfra), de Servi\u00e7os P\u00fablicos (SEMSP), de Meio Ambiente e Recursos H\u00eddricos (Semarh) e Assist\u00eancia Social e Direitos Humanos (SEMASDH) foram mobilizadas para atender a popula\u00e7\u00e3o afetada e tomar as provid\u00eancias devidas.<\/p>\n<p>&nbsp;<\/p>\n<p>Na comunidade conhecida como Areal, quatro fam\u00edlias precisaram deixar a resid\u00eancia por risco na estrutura ou alagamento e foram direcionadas para casa de parentes ou amigos, os \u00fanicos casos registrados at\u00e9 este in\u00edcio de semana sobre pessoas desalojadas pelas chuvas em Penedo este ano.<\/p>\n<p>&nbsp;<\/p>\n<p>No bairro Santa Cecilia, popular Cacimbinhas, a Seinfra e a Secretaria de Servi\u00e7os P\u00fablicos precisaram fazer uma interven\u00e7\u00e3o no trecho que liga a Rua Dom Constantino e a Rua Tiradentes para evitar que as chuvas invadissem casas.<\/p>\n<p>&nbsp;<\/p>\n<p>O local faz parte do trecho que est\u00e1 em obras de drenagem que solucionar\u00e1 definitivamente o escoamento das \u00e1guas pluviais na Cacimbinhas, Loteamentos Santo Ant\u00f4nio (Litoral) e Ouro Verde, onde um equipamento de moto-bomba \u00e9 utilizado para reduzir o volume de \u00e1gua no residencial constru\u00eddo por empresa privada.<\/p>\n<p>&nbsp;<\/p>\n<p>Pontos de alagamento na zona rural tamb\u00e9m contam com apoio de moto-bomba cedida pela Usina Marituba e utiliza\u00e7\u00e3o de m\u00e1quinas da Secretaria Municipal de Servi\u00e7os P\u00fablicos.<\/p>\n<p>&nbsp;<\/p>\n<p>Outras duas situa\u00e7\u00f5es relacionadas com queda de muro foram registradas na cidade, com isolamento do acesso pela SMTT e recolhimento do material pela SEMSP.<\/p>\n<p>&nbsp;<\/p>\n<p>Nesta segunda-feira, a for\u00e7a-tarefa da Prefeitura de Penedo est\u00e1 nas ruas realizando a limpeza das vias p\u00fablicas e a desobstru\u00e7\u00e3o da rede de galerias, trabalho que j\u00e1 foi realizado no entorno da Lagoa do Oiteiro de forma preventiva.<\/p>\n<p>&nbsp;<\/p>\n<p>A medida do governo Ronaldo Lopes\/Jo\u00e3o Lucas evitou a inunda\u00e7\u00e3o de resid\u00eancias na localidade situada na parte baixa de Penedo, apesar das fortes chuvas e do hist\u00f3rico de alagamento nas ruas pr\u00f3ximas da lagoa, principalmente na Campos Teixeira e adjac\u00eancias.<\/p>\n<p>&nbsp;<\/p>\n<p>&nbsp;<\/p>\n<p>&nbsp;<\/p>\n<p>&nbsp;<\/p>\n<p><strong>Fonte: Secom PMP<\/strong><\/p>\n<p>&nbsp;<\/p>\n","protected":false},"excerpt":{"rendered":"<p>As fortes chuvas do final de semana causaram danos em alguns pontos em Penedo, com a\u00e7\u00e3o imediata da gest\u00e3o Ronaldo Lopes\/Jo\u00e3o Lucas na cidade e na zona rural. &nbsp; Equipes da Secretaria Municipal de Infraestrutura (Seinfra), de Servi\u00e7os P\u00fablicos (SEMSP), de Meio Ambiente e Recursos H\u00eddricos (Semarh) e Assist\u00eancia Social e Direitos Humanos (SEMASDH) foram &hellip;<\/p>\n","protected":false},"author":2,"featured_media":28335,"comment_status":"open","ping_status":"open","sticky":false,"template":"","format":"standard","meta":{"_jetpack_memberships_contains_paid_content":false,"footnotes":""},"categories":[1,3],"tags":[],"class_list":["post-28334","post","type-post","status-publish","format-standard","has-post-thumbnail","hentry","category-destaque","category-penedo"],"jetpack_featured_media_url":"https:\/\/www.oparanews.com.br\/wp-content\/uploads\/2023\/06\/danos-chuvas-penedo-junho-2023.jpeg","jetpack_sharing_enabled":true,"_links":{"self":[{"href":"https:\/\/www.oparanews.com.br\/index.php\/wp-json\/wp\/v2\/posts\/28334","targetHints":{"allow":["GET"]}}],"collection":[{"href":"https:\/\/www.oparanews.com.br\/index.php\/wp-json\/wp\/v2\/posts"}],"about":[{"href":"https:\/\/www.oparanews.com.br\/index.php\/wp-json\/wp\/v2\/types\/post"}],"author":[{"embeddable":true,"href":"https:\/\/www.oparanews.com.br\/index.php\/wp-json\/wp\/v2\/users\/2"}],"replies":[{"embeddable":true,"href":"https:\/\/www.oparanews.com.br\/index.php\/wp-json\/wp\/v2\/comments?post=28334"}],"version-history":[{"count":1,"href":"https:\/\/www.oparanews.com.br\/index.php\/wp-json\/wp\/v2\/posts\/28334\/revisions"}],"predecessor-version":[{"id":28336,"href":"https:\/\/www.oparanews.com.br\/index.php\/wp-json\/wp\/v2\/posts\/28334\/revisions\/28336"}],"wp:featuredmedia":[{"embeddable":true,"href":"https:\/\/www.oparanews.com.br\/index.php\/wp-json\/wp\/v2\/media\/28335"}],"wp:attachment":[{"href":"https:\/\/www.oparanews.com.br\/index.php\/wp-json\/wp\/v2\/media?parent=28334"}],"wp:term":[{"taxonomy":"category","embeddable":true,"href":"https:\/\/www.oparanews.com.br\/index.php\/wp-json\/wp\/v2\/categories?post=28334"},{"taxonomy":"post_tag","embeddable":true,"href":"https:\/\/www.oparanews.com.br\/index.php\/wp-json\/wp\/v2\/tags?post=28334"}],"curies":[{"name":"wp","href":"https:\/\/api.w.org\/{rel}","templated":true}]}}