{"id":28360,"date":"2023-06-07T16:14:11","date_gmt":"2023-06-07T19:14:11","guid":{"rendered":"https:\/\/www.oparanews.com.br\/?p=28360"},"modified":"2023-06-07T16:14:11","modified_gmt":"2023-06-07T19:14:11","slug":"homem-e-preso-26-anos-apos-cometer-tentativa-de-homicidio-em-penedo","status":"publish","type":"post","link":"https:\/\/www.oparanews.com.br\/index.php\/2023\/06\/07\/homem-e-preso-26-anos-apos-cometer-tentativa-de-homicidio-em-penedo\/","title":{"rendered":"Homem \u00e9 preso 26 anos ap\u00f3s cometer tentativa de homic\u00eddio em Penedo"},"content":{"rendered":"<p>Um homem, que n\u00e3o teve a identidade divulgada, foi preso nessa quarta-feira, 07, por uma tentativa de homic\u00eddio cometida no ano de 1997, na Vila Primavera, em Penedo, Regi\u00e3o do Baixo Rio S\u00e3o Francisco. O suspeito estava foragido h\u00e1 26 anos e foi encontrado pela Pol\u00edcia Civil no munic\u00edpio de Primavera, em Pernambuco.<\/p>\n<p>&nbsp;<\/p>\n<p>De acordo com informa\u00e7\u00f5es do delegado R\u00f4mulo Andrade, as investiga\u00e7\u00f5es duraram cerca de dois meses, iniciadas quando a pol\u00edcia teria recebido o mandado de pris\u00e3o.<\/p>\n<p>&nbsp;<\/p>\n<p>O crime &#8211; No dia 30 de junho de 1997, o suspeito teria disparado fogos de artif\u00edcio na rua e seu vizinho, o qual tinha uma filha rec\u00e9m-nascida e uma esposa em resguardo, teria se incomodado e foi reclamar com o homem.<\/p>\n<p>&nbsp;<\/p>\n<p>Houve uma discuss\u00e3o entre eles e no dia seguinte o suspeito decidiu matar o vizinho. A v\u00edtima foi baleada, mas sobreviveu. Vinte e seis anos depois desta tentativa de homic\u00eddio a pol\u00edcia recebeu informa\u00e7\u00f5es sobre o seu paradeiro e solicitou mandado de pris\u00e3o.<\/p>\n<p>&nbsp;<\/p>\n<p>O suspeito foi encaminhado para o sistema prisional e ser\u00e1 colocado \u00e0 disposi\u00e7\u00e3o da Justi\u00e7a para que seja julgado pelo Tribunal do J\u00fari.<\/p>\n<p>&nbsp;<\/p>\n<p>&nbsp;<\/p>\n<p>&nbsp;<\/p>\n<p><strong>Fonte: TNH1<\/strong><\/p>\n<p>&nbsp;<\/p>\n","protected":false},"excerpt":{"rendered":"<p>Um homem, que n\u00e3o teve a identidade divulgada, foi preso nessa quarta-feira, 07, por uma tentativa de homic\u00eddio cometida no ano de 1997, na Vila Primavera, em Penedo, Regi\u00e3o do Baixo Rio S\u00e3o Francisco. O suspeito estava foragido h\u00e1 26 anos e foi encontrado pela Pol\u00edcia Civil no munic\u00edpio de Primavera, em Pernambuco. &nbsp; De &hellip;<\/p>\n","protected":false},"author":2,"featured_media":28361,"comment_status":"open","ping_status":"open","sticky":false,"template":"","format":"standard","meta":{"_jetpack_memberships_contains_paid_content":false,"footnotes":""},"categories":[1,3],"tags":[],"class_list":["post-28360","post","type-post","status-publish","format-standard","has-post-thumbnail","hentry","category-destaque","category-penedo"],"jetpack_featured_media_url":"https:\/\/www.oparanews.com.br\/wp-content\/uploads\/2023\/06\/csm_homem-foragido-26-anos-ascom-pc_5be853d72f.webp","jetpack_sharing_enabled":true,"_links":{"self":[{"href":"https:\/\/www.oparanews.com.br\/index.php\/wp-json\/wp\/v2\/posts\/28360","targetHints":{"allow":["GET"]}}],"collection":[{"href":"https:\/\/www.oparanews.com.br\/index.php\/wp-json\/wp\/v2\/posts"}],"about":[{"href":"https:\/\/www.oparanews.com.br\/index.php\/wp-json\/wp\/v2\/types\/post"}],"author":[{"embeddable":true,"href":"https:\/\/www.oparanews.com.br\/index.php\/wp-json\/wp\/v2\/users\/2"}],"replies":[{"embeddable":true,"href":"https:\/\/www.oparanews.com.br\/index.php\/wp-json\/wp\/v2\/comments?post=28360"}],"version-history":[{"count":1,"href":"https:\/\/www.oparanews.com.br\/index.php\/wp-json\/wp\/v2\/posts\/28360\/revisions"}],"predecessor-version":[{"id":28362,"href":"https:\/\/www.oparanews.com.br\/index.php\/wp-json\/wp\/v2\/posts\/28360\/revisions\/28362"}],"wp:featuredmedia":[{"embeddable":true,"href":"https:\/\/www.oparanews.com.br\/index.php\/wp-json\/wp\/v2\/media\/28361"}],"wp:attachment":[{"href":"https:\/\/www.oparanews.com.br\/index.php\/wp-json\/wp\/v2\/media?parent=28360"}],"wp:term":[{"taxonomy":"category","embeddable":true,"href":"https:\/\/www.oparanews.com.br\/index.php\/wp-json\/wp\/v2\/categories?post=28360"},{"taxonomy":"post_tag","embeddable":true,"href":"https:\/\/www.oparanews.com.br\/index.php\/wp-json\/wp\/v2\/tags?post=28360"}],"curies":[{"name":"wp","href":"https:\/\/api.w.org\/{rel}","templated":true}]}}