{"id":28372,"date":"2023-06-09T12:03:15","date_gmt":"2023-06-09T15:03:15","guid":{"rendered":"https:\/\/www.oparanews.com.br\/?p=28372"},"modified":"2023-06-09T12:03:15","modified_gmt":"2023-06-09T15:03:15","slug":"prefeitura-de-penedo-entrega-mais-de-200-kits-para-os-agentes-comunitarios-de-saude-de-endemias-e-vigilancia-sanitaria","status":"publish","type":"post","link":"https:\/\/www.oparanews.com.br\/index.php\/2023\/06\/09\/prefeitura-de-penedo-entrega-mais-de-200-kits-para-os-agentes-comunitarios-de-saude-de-endemias-e-vigilancia-sanitaria\/","title":{"rendered":"Prefeitura de Penedo entrega mais de 200 kits para os agentes comunit\u00e1rios de sa\u00fade, de endemias e Vigil\u00e2ncia Sanit\u00e1ria"},"content":{"rendered":"<p>Em uma demonstra\u00e7\u00e3o contundente de valoriza\u00e7\u00e3o dos servidores municipais, o prefeito de Penedo, Ronaldo Lopes, liderou nesta quarta-feira (07) a entrega de fardamentos e equipamentos de trabalho aos Agentes Comunit\u00e1rios de Sa\u00fade, aos Agentes de Endemias e \u00e0 equipe da Vigil\u00e2ncia Sanit\u00e1ria. O evento, organizado pela Secretaria Municipal de Sa\u00fade (SEMS), ocorreu no Teatro Sete de Setembro.<\/p>\n<p>&nbsp;<\/p>\n<p>Com palavras motivadoras e recheadas de reconhecimento, o prefeito Ronaldo Lopes enalteceu a relev\u00e2ncia dos agentes de sa\u00fade no munic\u00edpio: \u201cNossos agentes visitam as casas, os terrenos e inspecionam estabelecimentos para garantir a sa\u00fade de todos. Eles est\u00e3o cientes de cada problema em cada lugar e isso \u00e9 fazer sa\u00fade com a vontade de fazer. Fico muito satisfeito quando trabalho com a SEMS e vejo que, em diferentes setores, temos pessoas dedicadas e que procuram servir ao povo penedense\u201d, expressou Ronaldo Lopes.<\/p>\n<p>&nbsp;<\/p>\n<p>A Secret\u00e1ria de Sa\u00fade, Waninna Mendon\u00e7a, elogiou e ressaltou a classe que sempre busca melhorias visando promover um trabalho ainda mais eficiente:<\/p>\n<p>&nbsp;<\/p>\n<p>\u201cTenho acompanhado a luta da classe por melhorias na qualidade do trabalho e nos fardamentos. Este momento aqui hoje \u00e9 de valoriza\u00e7\u00e3o, \u00e9 sobre a import\u00e2ncia de voc\u00eas serem vistos e identificados pela popula\u00e7\u00e3o, por isso a necessidade de estarem fardados. O trabalho de voc\u00eas deve ser reconhecido. E quero agradecer pelos servi\u00e7os que voc\u00eas prestam\u201d, disse Waninna.<\/p>\n<p>&nbsp;<\/p>\n<p>No total, a entrega contemplou 204 conjuntos de uniformes e equipamentos indispens\u00e1veis para o trabalho dos profissionais de sa\u00fade, distribu\u00eddos da seguinte maneira: 148 destinados aos ACS, 47 aos ACE e 9 \u00e0 equipe da Vigil\u00e2ncia Sanit\u00e1ria.<\/p>\n<p>&nbsp;<\/p>\n<p>A solenidade contou tamb\u00e9m com a presen\u00e7a do Vice-Prefeito, Jo\u00e3o Lucas, do Secret\u00e1rio Executivo de A\u00e7\u00f5es de Sa\u00fade, Guilherme Lopes, do Vereador Marcelo Pereira, do Diretor da Vigil\u00e2ncia Sanit\u00e1ria, \u00c2ngelo Mendes, da Diretora da Aten\u00e7\u00e3o Prim\u00e1ria, Monike Damasceno, da Superintendente de Vigil\u00e2ncia em Sa\u00fade, Jamilla Peixoto, do Presidente do Conselho Municipal de Sa\u00fade, Jo\u00e3o Santiago Calumby e do Presidente da Comiss\u00e3o ACE e ACS, M\u00e1rcio Monteiro.<\/p>\n<p>&nbsp;<\/p>\n<p>A import\u00e2ncia dos agentes<\/p>\n<p>&nbsp;<\/p>\n<p>Os ACSs fazem parte da equipe multiprofissional nos servi\u00e7os de aten\u00e7\u00e3o b\u00e1sica \u00e0 sa\u00fade e desenvolvem a\u00e7\u00f5es de promo\u00e7\u00e3o da sa\u00fade e preven\u00e7\u00e3o de doen\u00e7as, focando nas atividades educativas em sa\u00fade, em domic\u00edlios e coletividades. J\u00e1 o ACE inspeciona resid\u00eancias, dep\u00f3sitos, terrenos baldios e estabelecimentos comerciais em busca de focos end\u00eamicos. Essas atividades s\u00e3o fundamentais para prevenir e controlar doen\u00e7as como dengue, chagas, leishmaniose e mal\u00e1ria. A equipe da Vigil\u00e2ncia Sanit\u00e1ria \u00e9 respons\u00e1vel por promover a sa\u00fade da popula\u00e7\u00e3o. Para isso, atuam como fiscais, visitando estabelecimentos e analisando se estes oferecem a seguran\u00e7a necess\u00e1ria.<\/p>\n<p>&nbsp;<\/p>\n<p>&nbsp;<\/p>\n<p>&nbsp;<\/p>\n<p>&nbsp;<\/p>\n<p><strong>Fonte: Assessoria SEMS\/PMP<\/strong><\/p>\n<p>&nbsp;<\/p>\n","protected":false},"excerpt":{"rendered":"<p>Em uma demonstra\u00e7\u00e3o contundente de valoriza\u00e7\u00e3o dos servidores municipais, o prefeito de Penedo, Ronaldo Lopes, liderou nesta quarta-feira (07) a entrega de fardamentos e equipamentos de trabalho aos Agentes Comunit\u00e1rios de Sa\u00fade, aos Agentes de Endemias e \u00e0 equipe da Vigil\u00e2ncia Sanit\u00e1ria. O evento, organizado pela Secretaria Municipal de Sa\u00fade (SEMS), ocorreu no Teatro Sete &hellip;<\/p>\n","protected":false},"author":2,"featured_media":28374,"comment_status":"open","ping_status":"open","sticky":false,"template":"","format":"standard","meta":{"_jetpack_memberships_contains_paid_content":false,"footnotes":""},"categories":[1,3],"tags":[],"class_list":["post-28372","post","type-post","status-publish","format-standard","has-post-thumbnail","hentry","category-destaque","category-penedo"],"jetpack_featured_media_url":"https:\/\/www.oparanews.com.br\/wp-content\/uploads\/2023\/06\/Ronaldo-entrega-de-fardamento.jpeg","jetpack_sharing_enabled":true,"_links":{"self":[{"href":"https:\/\/www.oparanews.com.br\/index.php\/wp-json\/wp\/v2\/posts\/28372","targetHints":{"allow":["GET"]}}],"collection":[{"href":"https:\/\/www.oparanews.com.br\/index.php\/wp-json\/wp\/v2\/posts"}],"about":[{"href":"https:\/\/www.oparanews.com.br\/index.php\/wp-json\/wp\/v2\/types\/post"}],"author":[{"embeddable":true,"href":"https:\/\/www.oparanews.com.br\/index.php\/wp-json\/wp\/v2\/users\/2"}],"replies":[{"embeddable":true,"href":"https:\/\/www.oparanews.com.br\/index.php\/wp-json\/wp\/v2\/comments?post=28372"}],"version-history":[{"count":2,"href":"https:\/\/www.oparanews.com.br\/index.php\/wp-json\/wp\/v2\/posts\/28372\/revisions"}],"predecessor-version":[{"id":28375,"href":"https:\/\/www.oparanews.com.br\/index.php\/wp-json\/wp\/v2\/posts\/28372\/revisions\/28375"}],"wp:featuredmedia":[{"embeddable":true,"href":"https:\/\/www.oparanews.com.br\/index.php\/wp-json\/wp\/v2\/media\/28374"}],"wp:attachment":[{"href":"https:\/\/www.oparanews.com.br\/index.php\/wp-json\/wp\/v2\/media?parent=28372"}],"wp:term":[{"taxonomy":"category","embeddable":true,"href":"https:\/\/www.oparanews.com.br\/index.php\/wp-json\/wp\/v2\/categories?post=28372"},{"taxonomy":"post_tag","embeddable":true,"href":"https:\/\/www.oparanews.com.br\/index.php\/wp-json\/wp\/v2\/tags?post=28372"}],"curies":[{"name":"wp","href":"https:\/\/api.w.org\/{rel}","templated":true}]}}