{"id":28390,"date":"2023-06-12T16:37:51","date_gmt":"2023-06-12T19:37:51","guid":{"rendered":"https:\/\/www.oparanews.com.br\/?p=28390"},"modified":"2023-06-12T16:37:51","modified_gmt":"2023-06-12T19:37:51","slug":"secretaria-de-saude-de-penedo-reorganiza-fluxo-para-marcacao-de-consultas-e-exames","status":"publish","type":"post","link":"https:\/\/www.oparanews.com.br\/index.php\/2023\/06\/12\/secretaria-de-saude-de-penedo-reorganiza-fluxo-para-marcacao-de-consultas-e-exames\/","title":{"rendered":"Secretaria de Sa\u00fade de Penedo reorganiza fluxo para marca\u00e7\u00e3o de consultas e exames"},"content":{"rendered":"<p>A Secretaria Municipal da Sa\u00fade (SEMS) aproveitou a estreia do quadro mensal Resolve Sa\u00fade no Ar, no programa do Jo\u00e3o Lucas (R\u00e1dio Penedo FM), para solucionar problemas dos ouvintes e informar sobre melhorias adotadas na pasta da Prefeitura de Penedo.<\/p>\n<p>&nbsp;<\/p>\n<p>A Secret\u00e1ria Waninna Mendon\u00e7a e equipe t\u00e9cnica explicaram sobre a reorganiza\u00e7\u00e3o do fluxo de marca\u00e7\u00e3o de consultas e exames em Penedo. A iniciativa da gest\u00e3o Ronaldo Lopes orienta todos os profissionais dos postos de sa\u00fade sobre o novo sistema.<\/p>\n<p><a href=\"http:\/\/www.oparanews.com.br\/wp-content\/uploads\/2023\/06\/saude-no-ar.jpg\"><img loading=\"lazy\" decoding=\"async\" class=\"aligncenter size-full wp-image-28392\" src=\"http:\/\/www.oparanews.com.br\/wp-content\/uploads\/2023\/06\/saude-no-ar.jpg\" alt=\"\" width=\"1600\" height=\"1200\" srcset=\"https:\/\/www.oparanews.com.br\/wp-content\/uploads\/2023\/06\/saude-no-ar.jpg 1600w, https:\/\/www.oparanews.com.br\/wp-content\/uploads\/2023\/06\/saude-no-ar-300x225.jpg 300w, https:\/\/www.oparanews.com.br\/wp-content\/uploads\/2023\/06\/saude-no-ar-1024x768.jpg 1024w, https:\/\/www.oparanews.com.br\/wp-content\/uploads\/2023\/06\/saude-no-ar-768x576.jpg 768w, https:\/\/www.oparanews.com.br\/wp-content\/uploads\/2023\/06\/saude-no-ar-1536x1152.jpg 1536w\" sizes=\"auto, (max-width: 1600px) 100vw, 1600px\" \/><\/a><\/p>\n<p>\u201cAntes a gente n\u00e3o tinha em Penedo e nem no estado de Alagoas dados para saber qual era a demanda reprimida de consultas e exames, principalmente ap\u00f3s dois anos de pandemia. Desde novembro, n\u00f3s come\u00e7amos a organizar todo o fluxo e hoje temos esses n\u00fameros para come\u00e7ar a resolver o problema e n\u00e3o deixar ningu\u00e9m sem solu\u00e7\u00e3o\u201d, explica Waninna.<\/p>\n<p>&nbsp;<\/p>\n<p>O paciente que vai ao posto de sa\u00fade para consulta m\u00e9dica recebe os encaminhamentos, seja de exames ou para especialistas. O usu\u00e1rio, ao sair do consult\u00f3rio, deve entregar na recep\u00e7\u00e3o do posto os encaminhamentos para a devida inser\u00e7\u00e3o no sistema on-line.<\/p>\n<p>&nbsp;<\/p>\n<p>\u201cCom o nome no sistema, o paciente \u00e9 colocado em uma fila e ser\u00e1 avisado quando os exames ou consultas forem marcadas. Assim sabemos, por meio do n\u00famero do cart\u00e3o SUS, quando o paciente foi ao posto, colocado no sistema e se j\u00e1 foi marcado seu exame ou consulta. Os casos de urg\u00eancia v\u00e3o automaticamente para o topo dessa lista\u201d, esclarece a Secret\u00e1ria Municipal de Sa\u00fade.<\/p>\n<p>&nbsp;<\/p>\n<p>O sistema \u00e9 muito funcional j\u00e1 que Penedo disp\u00f5e de Centro de Diagn\u00f3stico, Laborat\u00f3rio, Centro de Especialidades Odontol\u00f3gicas, Centro de Sa\u00fade da Mulher e doze m\u00e9dicos especialistas para atender pacientes, sem precisar desloc\u00e1-los para outras cidades.<\/p>\n<p>&nbsp;<\/p>\n<p><a href=\"http:\/\/www.oparanews.com.br\/wp-content\/uploads\/2023\/06\/WhatsApp-Image-2023-06-10-at-08.35.03.jpeg\"><img loading=\"lazy\" decoding=\"async\" class=\"aligncenter size-full wp-image-28393\" src=\"http:\/\/www.oparanews.com.br\/wp-content\/uploads\/2023\/06\/WhatsApp-Image-2023-06-10-at-08.35.03.jpeg\" alt=\"\" width=\"1600\" height=\"1200\" srcset=\"https:\/\/www.oparanews.com.br\/wp-content\/uploads\/2023\/06\/WhatsApp-Image-2023-06-10-at-08.35.03.jpeg 1600w, https:\/\/www.oparanews.com.br\/wp-content\/uploads\/2023\/06\/WhatsApp-Image-2023-06-10-at-08.35.03-300x225.jpeg 300w, https:\/\/www.oparanews.com.br\/wp-content\/uploads\/2023\/06\/WhatsApp-Image-2023-06-10-at-08.35.03-1024x768.jpeg 1024w, https:\/\/www.oparanews.com.br\/wp-content\/uploads\/2023\/06\/WhatsApp-Image-2023-06-10-at-08.35.03-768x576.jpeg 768w, https:\/\/www.oparanews.com.br\/wp-content\/uploads\/2023\/06\/WhatsApp-Image-2023-06-10-at-08.35.03-1536x1152.jpeg 1536w\" sizes=\"auto, (max-width: 1600px) 100vw, 1600px\" \/><\/a><\/p>\n<p>&nbsp;<\/p>\n<p><strong>por Gabriela Flores \u2013 jornalista e social media<\/strong><\/p>\n<p>&nbsp;<\/p>\n","protected":false},"excerpt":{"rendered":"<p>A Secretaria Municipal da Sa\u00fade (SEMS) aproveitou a estreia do quadro mensal Resolve Sa\u00fade no Ar, no programa do Jo\u00e3o Lucas (R\u00e1dio Penedo FM), para solucionar problemas dos ouvintes e informar sobre melhorias adotadas na pasta da Prefeitura de Penedo. &nbsp; A Secret\u00e1ria Waninna Mendon\u00e7a e equipe t\u00e9cnica explicaram sobre a reorganiza\u00e7\u00e3o do fluxo de &hellip;<\/p>\n","protected":false},"author":2,"featured_media":28391,"comment_status":"open","ping_status":"open","sticky":false,"template":"","format":"standard","meta":{"_jetpack_memberships_contains_paid_content":false,"footnotes":""},"categories":[1,3],"tags":[],"class_list":["post-28390","post","type-post","status-publish","format-standard","has-post-thumbnail","hentry","category-destaque","category-penedo"],"jetpack_featured_media_url":"https:\/\/www.oparanews.com.br\/wp-content\/uploads\/2023\/06\/laboratorio-municipal-sems-penedo.jpeg","jetpack_sharing_enabled":true,"_links":{"self":[{"href":"https:\/\/www.oparanews.com.br\/index.php\/wp-json\/wp\/v2\/posts\/28390","targetHints":{"allow":["GET"]}}],"collection":[{"href":"https:\/\/www.oparanews.com.br\/index.php\/wp-json\/wp\/v2\/posts"}],"about":[{"href":"https:\/\/www.oparanews.com.br\/index.php\/wp-json\/wp\/v2\/types\/post"}],"author":[{"embeddable":true,"href":"https:\/\/www.oparanews.com.br\/index.php\/wp-json\/wp\/v2\/users\/2"}],"replies":[{"embeddable":true,"href":"https:\/\/www.oparanews.com.br\/index.php\/wp-json\/wp\/v2\/comments?post=28390"}],"version-history":[{"count":1,"href":"https:\/\/www.oparanews.com.br\/index.php\/wp-json\/wp\/v2\/posts\/28390\/revisions"}],"predecessor-version":[{"id":28394,"href":"https:\/\/www.oparanews.com.br\/index.php\/wp-json\/wp\/v2\/posts\/28390\/revisions\/28394"}],"wp:featuredmedia":[{"embeddable":true,"href":"https:\/\/www.oparanews.com.br\/index.php\/wp-json\/wp\/v2\/media\/28391"}],"wp:attachment":[{"href":"https:\/\/www.oparanews.com.br\/index.php\/wp-json\/wp\/v2\/media?parent=28390"}],"wp:term":[{"taxonomy":"category","embeddable":true,"href":"https:\/\/www.oparanews.com.br\/index.php\/wp-json\/wp\/v2\/categories?post=28390"},{"taxonomy":"post_tag","embeddable":true,"href":"https:\/\/www.oparanews.com.br\/index.php\/wp-json\/wp\/v2\/tags?post=28390"}],"curies":[{"name":"wp","href":"https:\/\/api.w.org\/{rel}","templated":true}]}}