{"id":28399,"date":"2023-06-13T14:50:48","date_gmt":"2023-06-13T17:50:48","guid":{"rendered":"https:\/\/www.oparanews.com.br\/?p=28399"},"modified":"2023-06-13T14:50:48","modified_gmt":"2023-06-13T17:50:48","slug":"coleta-noturna-de-lixo-em-penedo-prioriza-pontos-comerciais-e-garante-uma-cidade-mais-limpa","status":"publish","type":"post","link":"https:\/\/www.oparanews.com.br\/index.php\/2023\/06\/13\/coleta-noturna-de-lixo-em-penedo-prioriza-pontos-comerciais-e-garante-uma-cidade-mais-limpa\/","title":{"rendered":"Coleta noturna de lixo em Penedo prioriza pontos comerciais e garante uma cidade mais limpa"},"content":{"rendered":"<p>A Prefeitura de Penedo est\u00e1 empenhada em oferecer um servi\u00e7o eficiente de coleta de lixo por meio da Secretaria Municipal de Servi\u00e7os P\u00fablicos (SEMSP), mantendo a cidade limpa e assegurando mais qualidade de vida aos moradores.<\/p>\n<p><a href=\"http:\/\/www.oparanews.com.br\/wp-content\/uploads\/2023\/06\/WhatsApp-Image-2023-06-13-at-12.26.46.jpeg\"><img loading=\"lazy\" decoding=\"async\" class=\"aligncenter size-full wp-image-28401\" src=\"http:\/\/www.oparanews.com.br\/wp-content\/uploads\/2023\/06\/WhatsApp-Image-2023-06-13-at-12.26.46.jpeg\" alt=\"\" width=\"1080\" height=\"1080\" srcset=\"https:\/\/www.oparanews.com.br\/wp-content\/uploads\/2023\/06\/WhatsApp-Image-2023-06-13-at-12.26.46.jpeg 1080w, https:\/\/www.oparanews.com.br\/wp-content\/uploads\/2023\/06\/WhatsApp-Image-2023-06-13-at-12.26.46-300x300.jpeg 300w, https:\/\/www.oparanews.com.br\/wp-content\/uploads\/2023\/06\/WhatsApp-Image-2023-06-13-at-12.26.46-1024x1024.jpeg 1024w, https:\/\/www.oparanews.com.br\/wp-content\/uploads\/2023\/06\/WhatsApp-Image-2023-06-13-at-12.26.46-150x150.jpeg 150w, https:\/\/www.oparanews.com.br\/wp-content\/uploads\/2023\/06\/WhatsApp-Image-2023-06-13-at-12.26.46-768x768.jpeg 768w\" sizes=\"auto, (max-width: 1080px) 100vw, 1080px\" \/><\/a><a href=\"http:\/\/www.oparanews.com.br\/wp-content\/uploads\/2023\/06\/feed02-ColetaNoturna.png\"><img loading=\"lazy\" decoding=\"async\" class=\"aligncenter size-full wp-image-28402\" src=\"http:\/\/www.oparanews.com.br\/wp-content\/uploads\/2023\/06\/feed02-ColetaNoturna.png\" alt=\"\" width=\"1080\" height=\"1080\" srcset=\"https:\/\/www.oparanews.com.br\/wp-content\/uploads\/2023\/06\/feed02-ColetaNoturna.png 1080w, https:\/\/www.oparanews.com.br\/wp-content\/uploads\/2023\/06\/feed02-ColetaNoturna-300x300.png 300w, https:\/\/www.oparanews.com.br\/wp-content\/uploads\/2023\/06\/feed02-ColetaNoturna-1024x1024.png 1024w, https:\/\/www.oparanews.com.br\/wp-content\/uploads\/2023\/06\/feed02-ColetaNoturna-150x150.png 150w, https:\/\/www.oparanews.com.br\/wp-content\/uploads\/2023\/06\/feed02-ColetaNoturna-768x768.png 768w\" sizes=\"auto, (max-width: 1080px) 100vw, 1080px\" \/><\/a><\/p>\n<p>O trabalho da SEMSP \u2013 pasta respons\u00e1vel por avan\u00e7os ineg\u00e1veis nos servi\u00e7os que n\u00e3o tinham o compromisso da administra\u00e7\u00e3o municipal em gest\u00f5es anteriores ao governo Ronaldo Lopes\/Jo\u00e3o Lucas \u2013 \u00e9 feito de forma regular nos bairros e povoados do munic\u00edpio.<\/p>\n<p>&nbsp;<\/p>\n<p>O compromisso com o povo de Penedo tamb\u00e9m preserva o meio ambiente e atende \u00e0s demandas da popula\u00e7\u00e3o, inclusive dos estabelecimentos comerciais da cidade com a implementa\u00e7\u00e3o da coleta noturna do lixo.<\/p>\n<p>&nbsp;<\/p>\n<p>Os pontos de recolhimento foram estrategicamente definidos pela Prefeitura de Penedo, garantindo a destina\u00e7\u00e3o correta dos res\u00edduos at\u00e9 a \u00e1rea de transbordo e desta para o aterro sanit\u00e1rio localizado no munic\u00edpio de Cra\u00edbas, localizado na regi\u00e3o Agreste.<\/p>\n<p>&nbsp;<\/p>\n<p>Para que a estrat\u00e9gia tenha melhores resultados, a Secretaria de Servi\u00e7os P\u00fablicos refor\u00e7a a import\u00e2ncia da ades\u00e3o dos estabelecimentos comerciais \u00e0 coleta de lixo noturna, depositando corretamente os res\u00edduos nos pontos designados.<\/p>\n<p>&nbsp;<\/p>\n<p><strong>Rota<\/strong><\/p>\n<p>&nbsp;<\/p>\n<p>A rota da coleta noturna de lixo percorre os seguintes locais: Rodovia Engenheiro Joaquim Gon\u00e7alves, Rodovia M\u00e1rio Freire Leahy, Avenida C\u00e2ndido Toledo, Avenida Wanderley, Avenida Get\u00falio Vargas, Avenida Floriano Peixoto e Avenida Beira Rio.<\/p>\n<p>&nbsp;<\/p>\n<p><strong>Pontos de Coleta:<\/strong><\/p>\n<p>&nbsp;<\/p>\n<p>Os pontos de coleta de lixo noturnos s\u00e3o exclusivamente destinados aos estabelecimentos comerciais e acontece nos seguintes locais:<\/p>\n<p>&nbsp;<\/p>\n<p>Pra\u00e7a do Madre Esp\u00edrito Santo, Pra\u00e7a Santa C\u00e2ndida (ao lado da Lanchonete do Cone), Pizzaria La Pizza, Espetinho do Carlos Bruno, Pra\u00e7a do Oiteiro, Churrascaria Garagem do Petisco, Trevo da Toca do \u00cdndio at\u00e9 o posto Grande Rio 2, Pra\u00e7a de Santa Luzia completa (Fire Burguer \/ Sopa da Rita), Espeto da Quit\u00e9ria, Pra\u00e7a S\u00e3o Judas Tadeu, Pra\u00e7a do Clementino, Pra\u00e7a do Tiro de Guerra, Pra\u00e7a Bar\u00e3o de Penedo e Rua D\u00e2maso do Monte, Pra\u00e7a 12 de Abril, Restaurante Orat\u00f3rio, Bar do Waguinho, Bar do Menezes, Vila D\u00e3o P\u00eadu, Rua Jo\u00e3o Pessoa, Hotel S\u00e3o Francisco, Hortifruti Boa Ventura, Pizzaria D\u2019Napoli e Lanchonete Oushe.<\/p>\n<p>&nbsp;<\/p>\n<p>&nbsp;<\/p>\n<p>&nbsp;<\/p>\n<p><strong>Fonte: Secom PMP<\/strong><\/p>\n<p>&nbsp;<\/p>\n","protected":false},"excerpt":{"rendered":"<p>A Prefeitura de Penedo est\u00e1 empenhada em oferecer um servi\u00e7o eficiente de coleta de lixo por meio da Secretaria Municipal de Servi\u00e7os P\u00fablicos (SEMSP), mantendo a cidade limpa e assegurando mais qualidade de vida aos moradores. O trabalho da SEMSP \u2013 pasta respons\u00e1vel por avan\u00e7os ineg\u00e1veis nos servi\u00e7os que n\u00e3o tinham o compromisso da administra\u00e7\u00e3o &hellip;<\/p>\n","protected":false},"author":2,"featured_media":28400,"comment_status":"open","ping_status":"open","sticky":false,"template":"","format":"standard","meta":{"_jetpack_memberships_contains_paid_content":false,"footnotes":""},"categories":[1,3],"tags":[],"class_list":["post-28399","post","type-post","status-publish","format-standard","has-post-thumbnail","hentry","category-destaque","category-penedo"],"jetpack_featured_media_url":"https:\/\/www.oparanews.com.br\/wp-content\/uploads\/2023\/06\/WhatsApp-Image-2023-06-13-at-12.26.46-Copia.jpeg","jetpack_sharing_enabled":true,"_links":{"self":[{"href":"https:\/\/www.oparanews.com.br\/index.php\/wp-json\/wp\/v2\/posts\/28399","targetHints":{"allow":["GET"]}}],"collection":[{"href":"https:\/\/www.oparanews.com.br\/index.php\/wp-json\/wp\/v2\/posts"}],"about":[{"href":"https:\/\/www.oparanews.com.br\/index.php\/wp-json\/wp\/v2\/types\/post"}],"author":[{"embeddable":true,"href":"https:\/\/www.oparanews.com.br\/index.php\/wp-json\/wp\/v2\/users\/2"}],"replies":[{"embeddable":true,"href":"https:\/\/www.oparanews.com.br\/index.php\/wp-json\/wp\/v2\/comments?post=28399"}],"version-history":[{"count":1,"href":"https:\/\/www.oparanews.com.br\/index.php\/wp-json\/wp\/v2\/posts\/28399\/revisions"}],"predecessor-version":[{"id":28403,"href":"https:\/\/www.oparanews.com.br\/index.php\/wp-json\/wp\/v2\/posts\/28399\/revisions\/28403"}],"wp:featuredmedia":[{"embeddable":true,"href":"https:\/\/www.oparanews.com.br\/index.php\/wp-json\/wp\/v2\/media\/28400"}],"wp:attachment":[{"href":"https:\/\/www.oparanews.com.br\/index.php\/wp-json\/wp\/v2\/media?parent=28399"}],"wp:term":[{"taxonomy":"category","embeddable":true,"href":"https:\/\/www.oparanews.com.br\/index.php\/wp-json\/wp\/v2\/categories?post=28399"},{"taxonomy":"post_tag","embeddable":true,"href":"https:\/\/www.oparanews.com.br\/index.php\/wp-json\/wp\/v2\/tags?post=28399"}],"curies":[{"name":"wp","href":"https:\/\/api.w.org\/{rel}","templated":true}]}}