{"id":28404,"date":"2023-06-13T15:16:54","date_gmt":"2023-06-13T18:16:54","guid":{"rendered":"https:\/\/www.oparanews.com.br\/?p=28404"},"modified":"2023-06-13T15:16:54","modified_gmt":"2023-06-13T18:16:54","slug":"secretaria-de-cultura-de-penedo-orienta-setores-do-municipio-sobre-a-realizacao-do-arroche-o-no-2023","status":"publish","type":"post","link":"https:\/\/www.oparanews.com.br\/index.php\/2023\/06\/13\/secretaria-de-cultura-de-penedo-orienta-setores-do-municipio-sobre-a-realizacao-do-arroche-o-no-2023\/","title":{"rendered":"Secretaria de Cultura de Penedo orienta setores do munic\u00edpio sobre a realiza\u00e7\u00e3o do Arroche o N\u00f3 2023"},"content":{"rendered":"<p>O resgate dos festejos juninos em Penedo pelo governo Ronaldo Lopes\/Jo\u00e3o Lucas foi tema de reuni\u00e3o promovida pela Secretaria Municipal de Cultura, Lazer e Juventude (SEMCLEJ) nesta ter\u00e7a-feira, 13.<\/p>\n<p>&nbsp;<\/p>\n<p>As demandas de todos os setores da Prefeitura de Penedo para o trabalho durante os cinco dias consecutivos da super festa Arroche o N\u00f3 2023 foram apresentadas e debatidas durante o encontro realizado na sala de reuni\u00f5es da SEMCLEJ.<\/p>\n<p>&nbsp;<\/p>\n<p>A Secret\u00e1ria Teresa Machado e o Superintende de Lazer, Cultura e Eventos, Marcos Muniz, coordenam o alinhamento dos festejos juninos que, apesar da tradi\u00e7\u00e3o em Penedo, s\u00f3 voltaram ao calend\u00e1rio de eventos do munic\u00edpio na gest\u00e3o do Prefeito Ronaldo Lopes.<\/p>\n<p>&nbsp;<\/p>\n<p>A agenda de trabalho sobre mais um grande evento que aquece a economia de Penedo contou com a participa\u00e7\u00e3o de representantes da SMTT, Guarda Patrimonial, Vigil\u00e2ncia Sanit\u00e1ria, Superintend\u00eancia de Ilumina\u00e7\u00e3o P\u00fablica (SIPE), Secretaria de Sa\u00fade (SEMS), Secretaria de Infraestrutura (Seinfra), Secretaria de Comunica\u00e7\u00e3o (Secom), Secretaria de Planejamento e Gest\u00e3o (Seplag), Gabinete Civil e Secretaria de Desenvolvimento Econ\u00f4mico, Com\u00e9rcio e Ind\u00fastria (Sedecin).<\/p>\n<p>&nbsp;<\/p>\n<p>O Arroche o N\u00f3 2023 ser\u00e1 realizado no per\u00edodo de 27 de junho a 1\u00ba de julho no estacionamento da Prainha Nova de Penedo, com acesso gratuito do p\u00fablico aos shows de forr\u00f3, reunindo artistas locais e nacionais. Confra a programa\u00e7\u00e3o no link abaixo.<\/p>\n<p>&nbsp;<\/p>\n<p><a href=\"https:\/\/penedo.al.gov.br\/2023\/06\/06\/prefeitura-de-penedo-resgata-festejos-juninos-com-atracoes-locais-e-de-nivel-nacional\/\"><strong>Arroche o N\u00f3 resgata festejos juninos em Penedo<\/strong><\/a><\/p>\n<p><a href=\"http:\/\/www.oparanews.com.br\/wp-content\/uploads\/2023\/06\/arroche-o-no-2023.jpg\"><img loading=\"lazy\" decoding=\"async\" class=\"aligncenter size-full wp-image-28405\" src=\"http:\/\/www.oparanews.com.br\/wp-content\/uploads\/2023\/06\/arroche-o-no-2023.jpg\" alt=\"\" width=\"960\" height=\"540\" srcset=\"https:\/\/www.oparanews.com.br\/wp-content\/uploads\/2023\/06\/arroche-o-no-2023.jpg 960w, https:\/\/www.oparanews.com.br\/wp-content\/uploads\/2023\/06\/arroche-o-no-2023-300x169.jpg 300w, https:\/\/www.oparanews.com.br\/wp-content\/uploads\/2023\/06\/arroche-o-no-2023-768x432.jpg 768w, https:\/\/www.oparanews.com.br\/wp-content\/uploads\/2023\/06\/arroche-o-no-2023-390x220.jpg 390w\" sizes=\"auto, (max-width: 960px) 100vw, 960px\" \/><\/a><\/p>\n<p>&nbsp;<\/p>\n<p>&nbsp;<\/p>\n<p>&nbsp;<\/p>\n<p><strong>Fonte: Secom PMP<\/strong><\/p>\n<p>&nbsp;<\/p>\n","protected":false},"excerpt":{"rendered":"<p>O resgate dos festejos juninos em Penedo pelo governo Ronaldo Lopes\/Jo\u00e3o Lucas foi tema de reuni\u00e3o promovida pela Secretaria Municipal de Cultura, Lazer e Juventude (SEMCLEJ) nesta ter\u00e7a-feira, 13. &nbsp; As demandas de todos os setores da Prefeitura de Penedo para o trabalho durante os cinco dias consecutivos da super festa Arroche o N\u00f3 2023 &hellip;<\/p>\n","protected":false},"author":2,"featured_media":28406,"comment_status":"open","ping_status":"open","sticky":false,"template":"","format":"standard","meta":{"_jetpack_memberships_contains_paid_content":false,"footnotes":""},"categories":[1,3],"tags":[],"class_list":["post-28404","post","type-post","status-publish","format-standard","has-post-thumbnail","hentry","category-destaque","category-penedo"],"jetpack_featured_media_url":"https:\/\/www.oparanews.com.br\/wp-content\/uploads\/2023\/06\/reuniao-arroche-o-no-1.jpeg","jetpack_sharing_enabled":true,"_links":{"self":[{"href":"https:\/\/www.oparanews.com.br\/index.php\/wp-json\/wp\/v2\/posts\/28404","targetHints":{"allow":["GET"]}}],"collection":[{"href":"https:\/\/www.oparanews.com.br\/index.php\/wp-json\/wp\/v2\/posts"}],"about":[{"href":"https:\/\/www.oparanews.com.br\/index.php\/wp-json\/wp\/v2\/types\/post"}],"author":[{"embeddable":true,"href":"https:\/\/www.oparanews.com.br\/index.php\/wp-json\/wp\/v2\/users\/2"}],"replies":[{"embeddable":true,"href":"https:\/\/www.oparanews.com.br\/index.php\/wp-json\/wp\/v2\/comments?post=28404"}],"version-history":[{"count":1,"href":"https:\/\/www.oparanews.com.br\/index.php\/wp-json\/wp\/v2\/posts\/28404\/revisions"}],"predecessor-version":[{"id":28407,"href":"https:\/\/www.oparanews.com.br\/index.php\/wp-json\/wp\/v2\/posts\/28404\/revisions\/28407"}],"wp:featuredmedia":[{"embeddable":true,"href":"https:\/\/www.oparanews.com.br\/index.php\/wp-json\/wp\/v2\/media\/28406"}],"wp:attachment":[{"href":"https:\/\/www.oparanews.com.br\/index.php\/wp-json\/wp\/v2\/media?parent=28404"}],"wp:term":[{"taxonomy":"category","embeddable":true,"href":"https:\/\/www.oparanews.com.br\/index.php\/wp-json\/wp\/v2\/categories?post=28404"},{"taxonomy":"post_tag","embeddable":true,"href":"https:\/\/www.oparanews.com.br\/index.php\/wp-json\/wp\/v2\/tags?post=28404"}],"curies":[{"name":"wp","href":"https:\/\/api.w.org\/{rel}","templated":true}]}}