{"id":28408,"date":"2023-06-13T15:20:41","date_gmt":"2023-06-13T18:20:41","guid":{"rendered":"https:\/\/www.oparanews.com.br\/?p=28408"},"modified":"2023-06-13T15:20:41","modified_gmt":"2023-06-13T18:20:41","slug":"vereador-bili-marques-requer-reforma-do-tumulo-do-maior-poeta-de-penedo-sabino-romariz","status":"publish","type":"post","link":"https:\/\/www.oparanews.com.br\/index.php\/2023\/06\/13\/vereador-bili-marques-requer-reforma-do-tumulo-do-maior-poeta-de-penedo-sabino-romariz\/","title":{"rendered":"Vereador Bili Marques requer reforma do t\u00famulo do maior poeta de Penedo, Sabino Romariz"},"content":{"rendered":"<p>O Vereador Bili Marques (Josu\u00e9 Marques da Silva) requer do poder p\u00fablico municipal a recupera\u00e7\u00e3o do jazigo do maior poeta de Penedo, Sabino Romariz, pleito apresentado durante a sess\u00e3o realizada em 1\u00ba de junho, considerando que n\u00e3o h\u00e1 mais familiares do ilustre penedense residindo na cidade.<\/p>\n<p>&nbsp;<\/p>\n<p>A solicita\u00e7\u00e3o decorre da visita do parlamentar ao cemit\u00e9rio S\u00e3o Gon\u00e7alo do Amarante, o mais antigo de Penedo e local do t\u00famulo que precisa de melhorias, conforme observou o historiador e membro da Academia Penedense de Letras, Arte, Cultura e Ci\u00eancias.<\/p>\n<p>&nbsp;<\/p>\n<p>Na tribuna, Bili Marques apontou para divulga\u00e7\u00e3o de fake news no plen\u00e1rio, em discurso de colega edil naquela mesma sess\u00e3o, sobre a substitui\u00e7\u00e3o de vigilantes das reparti\u00e7\u00f5es p\u00fablicas estaduais por reeducandos, conforme justificativa feita pelo governador Paulo Dantas.<\/p>\n<p>&nbsp;<\/p>\n<p>O vereador tamb\u00e9m abordou den\u00fancia feita ao MPE, apresentando dados reais sobre o quantitativo de servidores na Prefeitura de Penedo. Ao inv\u00e9s do MPE de 270 comissionados e 124 efetivos, o quadro do funcionalismo \u00e9 formado por 278 comissionais e 1.330 efetivos.<\/p>\n<p>&nbsp;<\/p>\n<p>Para Bili Marques, \u201cnunca se viu na hist\u00f3ria de Penedo tanta obra e tanta dignidade\u201d quanto agora, na gest\u00e3o do Prefeito Ronaldo Lopes que informa aos tribunais de contas a utiliza\u00e7\u00e3o dos recursos do munic\u00edpio, inclusive sobre valores relacionados \u00e0 concess\u00e3o de servi\u00e7os do SAAE, frisando a prioridade para o PDV e a aposentadoria dos servidores da autarquia, acrescentando que a realiza\u00e7\u00e3o de obras est\u00e3o autorizadas.<\/p>\n<p>&nbsp;<\/p>\n<p>Sobre a empresa \u00c1guas do Sert\u00e3o, Bili Marques disse que j\u00e1 se percebe melhorias nos servi\u00e7os e que o melhor vem por a\u00ed, referindo-se ao saneamento b\u00e1sico.<\/p>\n<p>&nbsp;<\/p>\n<p>&nbsp;<\/p>\n<p>&nbsp;<\/p>\n<p>&nbsp;<\/p>\n<p><strong>Fonte: Ascom CMP<\/strong><\/p>\n<p>&nbsp;<\/p>\n","protected":false},"excerpt":{"rendered":"<p>O Vereador Bili Marques (Josu\u00e9 Marques da Silva) requer do poder p\u00fablico municipal a recupera\u00e7\u00e3o do jazigo do maior poeta de Penedo, Sabino Romariz, pleito apresentado durante a sess\u00e3o realizada em 1\u00ba de junho, considerando que n\u00e3o h\u00e1 mais familiares do ilustre penedense residindo na cidade. &nbsp; A solicita\u00e7\u00e3o decorre da visita do parlamentar ao &hellip;<\/p>\n","protected":false},"author":2,"featured_media":28194,"comment_status":"open","ping_status":"open","sticky":false,"template":"","format":"standard","meta":{"_jetpack_memberships_contains_paid_content":false,"footnotes":""},"categories":[1,3],"tags":[],"class_list":["post-28408","post","type-post","status-publish","format-standard","has-post-thumbnail","hentry","category-destaque","category-penedo"],"jetpack_featured_media_url":"https:\/\/www.oparanews.com.br\/wp-content\/uploads\/2023\/05\/Sem-titulo-3.png","jetpack_sharing_enabled":true,"_links":{"self":[{"href":"https:\/\/www.oparanews.com.br\/index.php\/wp-json\/wp\/v2\/posts\/28408","targetHints":{"allow":["GET"]}}],"collection":[{"href":"https:\/\/www.oparanews.com.br\/index.php\/wp-json\/wp\/v2\/posts"}],"about":[{"href":"https:\/\/www.oparanews.com.br\/index.php\/wp-json\/wp\/v2\/types\/post"}],"author":[{"embeddable":true,"href":"https:\/\/www.oparanews.com.br\/index.php\/wp-json\/wp\/v2\/users\/2"}],"replies":[{"embeddable":true,"href":"https:\/\/www.oparanews.com.br\/index.php\/wp-json\/wp\/v2\/comments?post=28408"}],"version-history":[{"count":1,"href":"https:\/\/www.oparanews.com.br\/index.php\/wp-json\/wp\/v2\/posts\/28408\/revisions"}],"predecessor-version":[{"id":28409,"href":"https:\/\/www.oparanews.com.br\/index.php\/wp-json\/wp\/v2\/posts\/28408\/revisions\/28409"}],"wp:featuredmedia":[{"embeddable":true,"href":"https:\/\/www.oparanews.com.br\/index.php\/wp-json\/wp\/v2\/media\/28194"}],"wp:attachment":[{"href":"https:\/\/www.oparanews.com.br\/index.php\/wp-json\/wp\/v2\/media?parent=28408"}],"wp:term":[{"taxonomy":"category","embeddable":true,"href":"https:\/\/www.oparanews.com.br\/index.php\/wp-json\/wp\/v2\/categories?post=28408"},{"taxonomy":"post_tag","embeddable":true,"href":"https:\/\/www.oparanews.com.br\/index.php\/wp-json\/wp\/v2\/tags?post=28408"}],"curies":[{"name":"wp","href":"https:\/\/api.w.org\/{rel}","templated":true}]}}