{"id":28479,"date":"2023-06-20T17:40:12","date_gmt":"2023-06-20T20:40:12","guid":{"rendered":"https:\/\/www.oparanews.com.br\/?p=28479"},"modified":"2023-06-20T17:40:12","modified_gmt":"2023-06-20T20:40:12","slug":"intercambio-teatral-estudantil-abre-inscricao-para-escolas-publicas-e-particulares-de-penedo","status":"publish","type":"post","link":"https:\/\/www.oparanews.com.br\/index.php\/2023\/06\/20\/intercambio-teatral-estudantil-abre-inscricao-para-escolas-publicas-e-particulares-de-penedo\/","title":{"rendered":"Interc\u00e2mbio Teatral Estudantil abre inscri\u00e7\u00e3o para escolas p\u00fablicas e particulares de Penedo"},"content":{"rendered":"<p>Estudantes de escolas p\u00fablicas e privadas de Penedo interessados em artes c\u00eanicas precisam agilizar sua participa\u00e7\u00e3o na 9\u00aa edi\u00e7\u00e3o do Interc\u00e2mbio Teatral Estudantil (ITE). Depois de oito anos sem acontecer, o projeto cultural \u00e9 retomado, com apoio da gest\u00e3o Ronaldo Lopes\/Jo\u00e3o Lucas.<\/p>\n<p>&nbsp;<\/p>\n<p>O Interc\u00e2mbio Teatral Estudantil \u00e9 uma iniciativa da Cia. Artes Ribeirinhas e da Calumbi Produ\u00e7\u00f5es, realizada em 2023 com a parceria da Prefeitura de Penedo, por meio da Secretaria Municipal de Cultura, Lazer e Juventude (SEMCLEJ), da Secretaria Municipal de Educa\u00e7\u00e3o (Semed) e da Secretaria Municipal de Turismo e Economia Criativa (SETUREC).<\/p>\n<p>&nbsp;<\/p>\n<p>\u201cO projeto busca estimular o interesse e o entusiasmo pelas artes c\u00eanicas entre estudantes de Penedo, incentivando o estudo do teatro, da sua hist\u00f3ria, dramaturgia e teorias que possam dar base para a forma\u00e7\u00e3o cultural e gerar a descoberta de novos talentos\u201d, afirma a produtora cultural Priscilla Calumbi.<\/p>\n<p>&nbsp;<\/p>\n<p>A 9\u00aa edi\u00e7\u00e3o do ITE acontece na segunda quinzena de outubro, mas o prazo de inscri\u00e7\u00e3o termina na pr\u00f3xima quinta-feira, 22, devido a necessidade de tempo para a produ\u00e7\u00e3o dos espet\u00e1culos que ser\u00e3o apresentados na mostra competitiva que retorna ao palco do Theatro Sete de Setembro.<\/p>\n<p>&nbsp;<\/p>\n<p>A produ\u00e7\u00e3o do interc\u00e2mbio destaca ainda o car\u00e1ter formador de plateia do projeto que tamb\u00e9m promove oficinas de prepara\u00e7\u00e3o de elenco e sobre a parte t\u00e9cnica do teatro, com plano de trabalho entre julho e setembro, per\u00edodo das oficinas de leitura e interpreta\u00e7\u00e3o de texto, express\u00e3o corporal, dic\u00e7\u00e3o e express\u00e3o vocal, constru\u00e7\u00e3o de personagem, improvisa\u00e7\u00e3o e criatividade, sonoplastia e musicalidade c\u00eanica, jogos dram\u00e1ticos, cenografia, figurino, maquiagem e capta\u00e7\u00e3o de recursos financeiros..<\/p>\n<p>&nbsp;<\/p>\n<p>O ITE qualifica a cria\u00e7\u00e3o e a manuten\u00e7\u00e3o de grupos teatrais nas escolas de Penedo, sendo a inscri\u00e7\u00e3o feita exclusivamente atrav\u00e9s dos contatos de Valdenia Tavares (82)99956-2943, diretora da Cia. Artes Ribeirinhas, e Priscilla Calumbi (82)99639-8551, produtora cultural do projeto.<\/p>\n<p>&nbsp;<\/p>\n<p>&nbsp;<\/p>\n<p>&nbsp;<\/p>\n<p>&nbsp;<\/p>\n<p><strong>Fonte: Secom PMP com Assessoria ITE<\/strong><\/p>\n<p>&nbsp;<\/p>\n","protected":false},"excerpt":{"rendered":"<p>Estudantes de escolas p\u00fablicas e privadas de Penedo interessados em artes c\u00eanicas precisam agilizar sua participa\u00e7\u00e3o na 9\u00aa edi\u00e7\u00e3o do Interc\u00e2mbio Teatral Estudantil (ITE). Depois de oito anos sem acontecer, o projeto cultural \u00e9 retomado, com apoio da gest\u00e3o Ronaldo Lopes\/Jo\u00e3o Lucas. &nbsp; O Interc\u00e2mbio Teatral Estudantil \u00e9 uma iniciativa da Cia. Artes Ribeirinhas e &hellip;<\/p>\n","protected":false},"author":2,"featured_media":28480,"comment_status":"open","ping_status":"open","sticky":false,"template":"","format":"standard","meta":{"_jetpack_memberships_contains_paid_content":false,"footnotes":""},"categories":[1,3],"tags":[],"class_list":["post-28479","post","type-post","status-publish","format-standard","has-post-thumbnail","hentry","category-destaque","category-penedo"],"jetpack_featured_media_url":"https:\/\/www.oparanews.com.br\/wp-content\/uploads\/2023\/06\/ite-2015.jpg","jetpack_sharing_enabled":true,"_links":{"self":[{"href":"https:\/\/www.oparanews.com.br\/index.php\/wp-json\/wp\/v2\/posts\/28479","targetHints":{"allow":["GET"]}}],"collection":[{"href":"https:\/\/www.oparanews.com.br\/index.php\/wp-json\/wp\/v2\/posts"}],"about":[{"href":"https:\/\/www.oparanews.com.br\/index.php\/wp-json\/wp\/v2\/types\/post"}],"author":[{"embeddable":true,"href":"https:\/\/www.oparanews.com.br\/index.php\/wp-json\/wp\/v2\/users\/2"}],"replies":[{"embeddable":true,"href":"https:\/\/www.oparanews.com.br\/index.php\/wp-json\/wp\/v2\/comments?post=28479"}],"version-history":[{"count":1,"href":"https:\/\/www.oparanews.com.br\/index.php\/wp-json\/wp\/v2\/posts\/28479\/revisions"}],"predecessor-version":[{"id":28481,"href":"https:\/\/www.oparanews.com.br\/index.php\/wp-json\/wp\/v2\/posts\/28479\/revisions\/28481"}],"wp:featuredmedia":[{"embeddable":true,"href":"https:\/\/www.oparanews.com.br\/index.php\/wp-json\/wp\/v2\/media\/28480"}],"wp:attachment":[{"href":"https:\/\/www.oparanews.com.br\/index.php\/wp-json\/wp\/v2\/media?parent=28479"}],"wp:term":[{"taxonomy":"category","embeddable":true,"href":"https:\/\/www.oparanews.com.br\/index.php\/wp-json\/wp\/v2\/categories?post=28479"},{"taxonomy":"post_tag","embeddable":true,"href":"https:\/\/www.oparanews.com.br\/index.php\/wp-json\/wp\/v2\/tags?post=28479"}],"curies":[{"name":"wp","href":"https:\/\/api.w.org\/{rel}","templated":true}]}}