{"id":28489,"date":"2023-06-21T08:49:19","date_gmt":"2023-06-21T11:49:19","guid":{"rendered":"https:\/\/www.oparanews.com.br\/?p=28489"},"modified":"2023-06-21T08:49:19","modified_gmt":"2023-06-21T11:49:19","slug":"cmdca-homologa-lista-final-de-candidatos-ao-cargo-de-conselheiro-tutelar-em-penedo-e-convoca-aprovados-para-curso-preparatorio","status":"publish","type":"post","link":"https:\/\/www.oparanews.com.br\/index.php\/2023\/06\/21\/cmdca-homologa-lista-final-de-candidatos-ao-cargo-de-conselheiro-tutelar-em-penedo-e-convoca-aprovados-para-curso-preparatorio\/","title":{"rendered":"CMDCA homologa lista final de candidatos ao cargo de conselheiro tutelar em Penedo e convoca aprovados para curso preparat\u00f3rio"},"content":{"rendered":"<p>O Conselho Municipal dos Direitos da Crian\u00e7a e do Adolescente (CMDCA) de Penedo homologa a lista final dos candidatos ao cargo de conselheiro tutelar, rela\u00e7\u00e3o publicada no documento anexado no final da not\u00edcia.<\/p>\n<p>&nbsp;<\/p>\n<p>Entre todas as pessoas que demonstraram interesse em participar do processo no munic\u00edpio e apresentaram a devida documenta\u00e7\u00e3o para a comiss\u00e3o eleitoral, 24 est\u00e3o aptas. Sobre as restantes, quatro informaram desist\u00eancia e as outras dez tiveram a candidatura indeferida.<\/p>\n<p>&nbsp;<\/p>\n<p>O pr\u00f3ximo passo do processo eleitoral que definir\u00e1 titulares e suplentes do Conselho Tutelar dos Direitos da Crian\u00e7a e do Adolescente para o quadri\u00eanio 2024\/2027 \u00e9 o curso preparat\u00f3rio que acontece nesta quarta, 21, e quinta-feira, 22, na sede do CMDCA.<\/p>\n<p>&nbsp;<\/p>\n<p>O curso \u00e9 obrigat\u00f3rio e ser\u00e1 realizado no hor\u00e1rio entre 14 e 17 horas nos dois dias, ambos na sede do CMDCA, localizada na Rua Sete de Setembro, n\u00ba 118, Centro Hist\u00f3rico de Penedo, im\u00f3vel onde tamb\u00e9m funciona o Conselho Tutelar.<\/p>\n<p>&nbsp;<\/p>\n<p><a href=\"https:\/\/penedo.al.gov.br\/wp-content\/uploads\/2023\/06\/Resolucao-CMDCA-Penedo-homologa-resultado-final.pdf\"><strong>Resolu\u00e7\u00e3o CMDCA Penedo homologa resultado final<\/strong><\/a><\/p>\n<p>&nbsp;<\/p>\n<p><a href=\"https:\/\/penedo.al.gov.br\/wp-content\/uploads\/2023\/06\/CMDCA-Penedo-convoca-candidatos-ao-cargo-de-conselheiro-tutelar-para-curso-preparatorio.pdf\"><strong>CMDCA Penedo convoca candidatos ao cargo de conselheiro tutelar para curso preparat\u00f3rio<\/strong><\/a><\/p>\n<p>&nbsp;<\/p>\n<p>&nbsp;<\/p>\n<p>&nbsp;<\/p>\n<p><strong>Fonte: Secom PMP<\/strong><\/p>\n<p>&nbsp;<\/p>\n","protected":false},"excerpt":{"rendered":"<p>O Conselho Municipal dos Direitos da Crian\u00e7a e do Adolescente (CMDCA) de Penedo homologa a lista final dos candidatos ao cargo de conselheiro tutelar, rela\u00e7\u00e3o publicada no documento anexado no final da not\u00edcia. &nbsp; Entre todas as pessoas que demonstraram interesse em participar do processo no munic\u00edpio e apresentaram a devida documenta\u00e7\u00e3o para a comiss\u00e3o &hellip;<\/p>\n","protected":false},"author":2,"featured_media":28210,"comment_status":"open","ping_status":"open","sticky":false,"template":"","format":"standard","meta":{"_jetpack_memberships_contains_paid_content":false,"footnotes":""},"categories":[1,3],"tags":[],"class_list":["post-28489","post","type-post","status-publish","format-standard","has-post-thumbnail","hentry","category-destaque","category-penedo"],"jetpack_featured_media_url":"https:\/\/www.oparanews.com.br\/wp-content\/uploads\/2023\/05\/ge6jww9btzm8h0dwor1j_Conselho-Tutelar-Eleicoes-2023.png","jetpack_sharing_enabled":true,"_links":{"self":[{"href":"https:\/\/www.oparanews.com.br\/index.php\/wp-json\/wp\/v2\/posts\/28489","targetHints":{"allow":["GET"]}}],"collection":[{"href":"https:\/\/www.oparanews.com.br\/index.php\/wp-json\/wp\/v2\/posts"}],"about":[{"href":"https:\/\/www.oparanews.com.br\/index.php\/wp-json\/wp\/v2\/types\/post"}],"author":[{"embeddable":true,"href":"https:\/\/www.oparanews.com.br\/index.php\/wp-json\/wp\/v2\/users\/2"}],"replies":[{"embeddable":true,"href":"https:\/\/www.oparanews.com.br\/index.php\/wp-json\/wp\/v2\/comments?post=28489"}],"version-history":[{"count":1,"href":"https:\/\/www.oparanews.com.br\/index.php\/wp-json\/wp\/v2\/posts\/28489\/revisions"}],"predecessor-version":[{"id":28490,"href":"https:\/\/www.oparanews.com.br\/index.php\/wp-json\/wp\/v2\/posts\/28489\/revisions\/28490"}],"wp:featuredmedia":[{"embeddable":true,"href":"https:\/\/www.oparanews.com.br\/index.php\/wp-json\/wp\/v2\/media\/28210"}],"wp:attachment":[{"href":"https:\/\/www.oparanews.com.br\/index.php\/wp-json\/wp\/v2\/media?parent=28489"}],"wp:term":[{"taxonomy":"category","embeddable":true,"href":"https:\/\/www.oparanews.com.br\/index.php\/wp-json\/wp\/v2\/categories?post=28489"},{"taxonomy":"post_tag","embeddable":true,"href":"https:\/\/www.oparanews.com.br\/index.php\/wp-json\/wp\/v2\/tags?post=28489"}],"curies":[{"name":"wp","href":"https:\/\/api.w.org\/{rel}","templated":true}]}}