{"id":28508,"date":"2023-06-23T16:19:23","date_gmt":"2023-06-23T19:19:23","guid":{"rendered":"https:\/\/www.oparanews.com.br\/?p=28508"},"modified":"2023-06-23T16:19:23","modified_gmt":"2023-06-23T19:19:23","slug":"pagamento-integral-para-professores-contratados-e-garantido-pelo-prefeito-ronaldo-lopes","status":"publish","type":"post","link":"https:\/\/www.oparanews.com.br\/index.php\/2023\/06\/23\/pagamento-integral-para-professores-contratados-e-garantido-pelo-prefeito-ronaldo-lopes\/","title":{"rendered":"Pagamento Integral para professores contratados \u00e9 garantido pelo prefeito Ronaldo Lopes"},"content":{"rendered":"<p>Mesmo em recesso escolar, a Prefeitura de Penedo realizar\u00e1 o pagamento desses profissionais com recursos pr\u00f3priosEm entrevista concedida na tarde desta sexta (23) ao programa Canal do Povo, da r\u00e1dio Penedo FM, o secret\u00e1rio Luciano Barros Lucena, da Secretaria Municipal de Educa\u00e7\u00e3o de Penedo (SEMED), anunciou a decis\u00e3o do prefeito Ronaldo Lopes de garantir o pagamento integral dos professores contratados da rede municipal de ensino. Este marco representa um importante compromisso da gest\u00e3o atual com a valoriza\u00e7\u00e3o dos profissionais da educa\u00e7\u00e3o.<\/p>\n<p>&nbsp;<\/p>\n<p>Lucena destacou a sensibilidade e a preocupa\u00e7\u00e3o do prefeito Ronaldo Lopes com os servidores municipais. \u201cO prefeito me ligou e disse, Luciano, fa\u00e7a as suas contas e eu lhe garanto que eu irei repassar com recursos pr\u00f3prios aquilo que voc\u00ea precisar para fechar o ano\u201d, compartilhou o secret\u00e1rio durante a entrevista.<\/p>\n<p>&nbsp;<\/p>\n<p>Diferentemente de gest\u00f5es anteriores, a Prefeitura de Penedo, sob a lideran\u00e7a de Ronaldo Lopes, decidiu reverter a decis\u00e3o de n\u00e3o pagar o sal\u00e1rio integral dos professores contratados durante o recesso escolar. Essa a\u00e7\u00e3o demonstra um forte compromisso da atual gest\u00e3o com a estabilidade financeira dos profissionais da educa\u00e7\u00e3o, permitindo que possam planejar suas aulas e suas vidas com mais tranquilidade.<\/p>\n<p><a href=\"http:\/\/www.oparanews.com.br\/wp-content\/uploads\/2023\/06\/Luciano-Lucena2.png\"><img loading=\"lazy\" decoding=\"async\" class=\"aligncenter size-full wp-image-28509\" src=\"http:\/\/www.oparanews.com.br\/wp-content\/uploads\/2023\/06\/Luciano-Lucena2.png\" alt=\"\" width=\"1088\" height=\"722\" srcset=\"https:\/\/www.oparanews.com.br\/wp-content\/uploads\/2023\/06\/Luciano-Lucena2.png 1088w, https:\/\/www.oparanews.com.br\/wp-content\/uploads\/2023\/06\/Luciano-Lucena2-300x199.png 300w, https:\/\/www.oparanews.com.br\/wp-content\/uploads\/2023\/06\/Luciano-Lucena2-1024x680.png 1024w, https:\/\/www.oparanews.com.br\/wp-content\/uploads\/2023\/06\/Luciano-Lucena2-768x510.png 768w\" sizes=\"auto, (max-width: 1088px) 100vw, 1088px\" \/><\/a><\/p>\n<p>\u201c\u00c9 a preocupa\u00e7\u00e3o do prefeito Ronaldo Lopes com o servidor. E a gente s\u00f3 tem realmente a demonstrar e mostrar a toda a popula\u00e7\u00e3o de Penedo, aos servidores, inclusive da Secretaria Municipal de Educa\u00e7\u00e3o, a preocupa\u00e7\u00e3o que ele tem com cada um\u201d, refor\u00e7ou o secret\u00e1rio.<\/p>\n<p>&nbsp;<\/p>\n<p>Este compromisso financeiro ser\u00e1 viabilizado por meio de recursos pr\u00f3prios da Prefeitura de Penedo, o que sublinha a efici\u00eancia e a responsabilidade fiscal da gest\u00e3o do prefeito Ronaldo Lopes.<\/p>\n<p>&nbsp;<\/p>\n<p>Vale ressaltar que essa medida abrangente contemplar\u00e1 todos os contratados que atuam na Secretaria Municipal de Educa\u00e7\u00e3o de Penedo. Isso significa que, al\u00e9m dos professores, todos os outros profissionais essenciais para o funcionamento da educa\u00e7\u00e3o municipal tamb\u00e9m receber\u00e3o o pagamento integral durante o recesso escolar.<\/p>\n<p>&nbsp;<\/p>\n<p><strong>RETORNO DAS AULAS DA REDE P\u00daBLICA MUNICIPAL<\/strong><\/p>\n<p>&nbsp;<\/p>\n<p>Tamb\u00e9m foi confirmado durante a entrevista o retorno das aulas para o dia 10 de julho. Este retorno \u00e9 visto com muita expectativa, j\u00e1 que representa mais um passo no avan\u00e7o da educa\u00e7\u00e3o no munic\u00edpio de Penedo.<\/p>\n<p>&nbsp;<\/p>\n<p>A Prefeitura de Penedo reafirma, assim, seu compromisso com a valoriza\u00e7\u00e3o dos profissionais da educa\u00e7\u00e3o e a melhoria cont\u00ednua da qualidade do ensino municipal.<\/p>\n<p>&nbsp;<\/p>\n<p>&nbsp;<\/p>\n<p>&nbsp;<\/p>\n<p>&nbsp;<\/p>\n<p><strong>Fonte: Secom PMP<\/strong><\/p>\n<p>&nbsp;<\/p>\n","protected":false},"excerpt":{"rendered":"<p>Mesmo em recesso escolar, a Prefeitura de Penedo realizar\u00e1 o pagamento desses profissionais com recursos pr\u00f3priosEm entrevista concedida na tarde desta sexta (23) ao programa Canal do Povo, da r\u00e1dio Penedo FM, o secret\u00e1rio Luciano Barros Lucena, da Secretaria Municipal de Educa\u00e7\u00e3o de Penedo (SEMED), anunciou a decis\u00e3o do prefeito Ronaldo Lopes de garantir o &hellip;<\/p>\n","protected":false},"author":2,"featured_media":28510,"comment_status":"open","ping_status":"open","sticky":false,"template":"","format":"standard","meta":{"_jetpack_memberships_contains_paid_content":false,"footnotes":""},"categories":[1,3],"tags":[],"class_list":["post-28508","post","type-post","status-publish","format-standard","has-post-thumbnail","hentry","category-destaque","category-penedo"],"jetpack_featured_media_url":"https:\/\/www.oparanews.com.br\/wp-content\/uploads\/2023\/06\/Sem-titulo-1.png","jetpack_sharing_enabled":true,"_links":{"self":[{"href":"https:\/\/www.oparanews.com.br\/index.php\/wp-json\/wp\/v2\/posts\/28508","targetHints":{"allow":["GET"]}}],"collection":[{"href":"https:\/\/www.oparanews.com.br\/index.php\/wp-json\/wp\/v2\/posts"}],"about":[{"href":"https:\/\/www.oparanews.com.br\/index.php\/wp-json\/wp\/v2\/types\/post"}],"author":[{"embeddable":true,"href":"https:\/\/www.oparanews.com.br\/index.php\/wp-json\/wp\/v2\/users\/2"}],"replies":[{"embeddable":true,"href":"https:\/\/www.oparanews.com.br\/index.php\/wp-json\/wp\/v2\/comments?post=28508"}],"version-history":[{"count":1,"href":"https:\/\/www.oparanews.com.br\/index.php\/wp-json\/wp\/v2\/posts\/28508\/revisions"}],"predecessor-version":[{"id":28511,"href":"https:\/\/www.oparanews.com.br\/index.php\/wp-json\/wp\/v2\/posts\/28508\/revisions\/28511"}],"wp:featuredmedia":[{"embeddable":true,"href":"https:\/\/www.oparanews.com.br\/index.php\/wp-json\/wp\/v2\/media\/28510"}],"wp:attachment":[{"href":"https:\/\/www.oparanews.com.br\/index.php\/wp-json\/wp\/v2\/media?parent=28508"}],"wp:term":[{"taxonomy":"category","embeddable":true,"href":"https:\/\/www.oparanews.com.br\/index.php\/wp-json\/wp\/v2\/categories?post=28508"},{"taxonomy":"post_tag","embeddable":true,"href":"https:\/\/www.oparanews.com.br\/index.php\/wp-json\/wp\/v2\/tags?post=28508"}],"curies":[{"name":"wp","href":"https:\/\/api.w.org\/{rel}","templated":true}]}}