{"id":28519,"date":"2023-06-24T23:44:33","date_gmt":"2023-06-25T02:44:33","guid":{"rendered":"https:\/\/www.oparanews.com.br\/?p=28519"},"modified":"2023-06-24T23:44:33","modified_gmt":"2023-06-25T02:44:33","slug":"smtt-penedo-promove-melhorias-no-transito-para-a-feirinha-de-santa-luzia","status":"publish","type":"post","link":"https:\/\/www.oparanews.com.br\/index.php\/2023\/06\/24\/smtt-penedo-promove-melhorias-no-transito-para-a-feirinha-de-santa-luzia\/","title":{"rendered":"SMTT Penedo promove melhorias no tr\u00e2nsito para a Feirinha de Santa Luzia"},"content":{"rendered":"<p>A Prefeitura de Penedo, por meio da Superintend\u00eancia Municipal de Transporte e Tr\u00e2nsito (SMTT), tem o prazer de anunciar uma s\u00e9rie de melhorias significativas no tr\u00e2nsito na Avenida Jo\u00e3o Ramalho, especialmente aos domingos, per\u00edodo em que ocorre a tradicional Feira de Santa Luzia.<\/p>\n<p>&nbsp;<\/p>\n<p>A iniciativa surge em resposta \u00e0s preocupa\u00e7\u00f5es levantadas por moradores e frequentadores da feira, que destacaram as dificuldades encontradas no tr\u00e1fego durante o evento devido ao excesso de ve\u00edculos estacionados em ambos os lados da via, uma vez que a Avenida Jo\u00e3o Ramalho \u00e9 de m\u00e3o dupla.<\/p>\n<p>&nbsp;<\/p>\n<p>Para melhorar a fluidez do tr\u00e1fego e a seguran\u00e7a de todos, foram instaladas placas de proibi\u00e7\u00e3o de estacionamento e o meio-fio foi pintado de amarelo. A partir de agora, ser\u00e1 proibido estacionar na localidade das 05h \u00e0s 12h, em um dos lados da via da Avenida Jo\u00e3o Ramalho, todos os domingos.<\/p>\n<p>&nbsp;<\/p>\n<p>A SMTT acredita que essas mudan\u00e7as permitir\u00e3o uma maior fluidez no tr\u00e2nsito, facilitando a circula\u00e7\u00e3o de ve\u00edculos que passam pelo local e, consequentemente, promovendo uma melhoria na acessibilidade para todos os visitantes da Feira de Santa Luzia.<\/p>\n<p>&nbsp;<\/p>\n<p>Neste domingo, dia 25, a SMTT estar\u00e1 focada em fornecer orienta\u00e7\u00f5es aos motoristas. No entanto, a partir do pr\u00f3ximo domingo, as infra\u00e7\u00f5es observadas ser\u00e3o devidamente registradas e penalizadas.A Prefeitura de Penedo, atrav\u00e9s da SMTT est\u00e3o comprometidos em proporcionar um ambiente seguro, acess\u00edvel e agrad\u00e1vel para todos.<\/p>\n<p>&nbsp;<\/p>\n<p>&nbsp;<\/p>\n<p>&nbsp;<\/p>\n<p>&nbsp;<\/p>\n<p><strong>Fonte: Secom PMP<\/strong><\/p>\n<p>&nbsp;<\/p>\n","protected":false},"excerpt":{"rendered":"<p>A Prefeitura de Penedo, por meio da Superintend\u00eancia Municipal de Transporte e Tr\u00e2nsito (SMTT), tem o prazer de anunciar uma s\u00e9rie de melhorias significativas no tr\u00e2nsito na Avenida Jo\u00e3o Ramalho, especialmente aos domingos, per\u00edodo em que ocorre a tradicional Feira de Santa Luzia. &nbsp; A iniciativa surge em resposta \u00e0s preocupa\u00e7\u00f5es levantadas por moradores e &hellip;<\/p>\n","protected":false},"author":2,"featured_media":28520,"comment_status":"open","ping_status":"open","sticky":false,"template":"","format":"standard","meta":{"_jetpack_memberships_contains_paid_content":false,"footnotes":""},"categories":[1,3],"tags":[],"class_list":["post-28519","post","type-post","status-publish","format-standard","has-post-thumbnail","hentry","category-destaque","category-penedo"],"jetpack_featured_media_url":"https:\/\/www.oparanews.com.br\/wp-content\/uploads\/2023\/06\/smtt_feirinha.jpg","jetpack_sharing_enabled":true,"_links":{"self":[{"href":"https:\/\/www.oparanews.com.br\/index.php\/wp-json\/wp\/v2\/posts\/28519","targetHints":{"allow":["GET"]}}],"collection":[{"href":"https:\/\/www.oparanews.com.br\/index.php\/wp-json\/wp\/v2\/posts"}],"about":[{"href":"https:\/\/www.oparanews.com.br\/index.php\/wp-json\/wp\/v2\/types\/post"}],"author":[{"embeddable":true,"href":"https:\/\/www.oparanews.com.br\/index.php\/wp-json\/wp\/v2\/users\/2"}],"replies":[{"embeddable":true,"href":"https:\/\/www.oparanews.com.br\/index.php\/wp-json\/wp\/v2\/comments?post=28519"}],"version-history":[{"count":1,"href":"https:\/\/www.oparanews.com.br\/index.php\/wp-json\/wp\/v2\/posts\/28519\/revisions"}],"predecessor-version":[{"id":28521,"href":"https:\/\/www.oparanews.com.br\/index.php\/wp-json\/wp\/v2\/posts\/28519\/revisions\/28521"}],"wp:featuredmedia":[{"embeddable":true,"href":"https:\/\/www.oparanews.com.br\/index.php\/wp-json\/wp\/v2\/media\/28520"}],"wp:attachment":[{"href":"https:\/\/www.oparanews.com.br\/index.php\/wp-json\/wp\/v2\/media?parent=28519"}],"wp:term":[{"taxonomy":"category","embeddable":true,"href":"https:\/\/www.oparanews.com.br\/index.php\/wp-json\/wp\/v2\/categories?post=28519"},{"taxonomy":"post_tag","embeddable":true,"href":"https:\/\/www.oparanews.com.br\/index.php\/wp-json\/wp\/v2\/tags?post=28519"}],"curies":[{"name":"wp","href":"https:\/\/api.w.org\/{rel}","templated":true}]}}