{"id":28529,"date":"2023-06-25T23:17:14","date_gmt":"2023-06-26T02:17:14","guid":{"rendered":"https:\/\/www.oparanews.com.br\/?p=28529"},"modified":"2023-06-25T23:17:14","modified_gmt":"2023-06-26T02:17:14","slug":"governo-eleva-tributos-federais-sobre-combustiveis-em-1o-de-julho-alta-sera-de-r-022-por-litro","status":"publish","type":"post","link":"https:\/\/www.oparanews.com.br\/index.php\/2023\/06\/25\/governo-eleva-tributos-federais-sobre-combustiveis-em-1o-de-julho-alta-sera-de-r-022-por-litro\/","title":{"rendered":"Governo eleva tributos federais sobre combust\u00edveis em 1\u00ba de julho; alta ser\u00e1 de R$ 0,22 por litro"},"content":{"rendered":"<p>O governo federal aumentar\u00e1, novamente, impostos federais sobre gasolina e etanol no in\u00edcio de julho, ou seja, a partir do pr\u00f3ximo s\u00e1bado (1\u00ba).<\/p>\n<p>&nbsp;<\/p>\n<p>O aumento do PIS\/Cofins ser\u00e1 de R$ 0,22 por litro no caso dos dois combust\u00edveis.<\/p>\n<p>&nbsp;<\/p>\n<p>A alta na tributa\u00e7\u00e3o acontece ap\u00f3s a Petrobras ter anunciado, na semana passada, uma redu\u00e7\u00e3o de R$ 0,13 por litro pre\u00e7o da gasolina para as distribuidoras.<\/p>\n<p>&nbsp;<\/p>\n<p>Com isso, o efeito dessa redu\u00e7\u00e3o sobre a gasolina, para os consumidores, ser\u00e1 eliminado pelo aumento dos tributos federais.<\/p>\n<p>&nbsp;<\/p>\n<p>Como o aumento da tributa\u00e7\u00e3o ser\u00e1 maior do que a queda anunciada pela Petrobras na gasolina, a tend\u00eancia \u00e9 que o pre\u00e7o do combust\u00edvel fique acima do praticado anteriormente \u00e0 redu\u00e7\u00e3o anunciada na \u00faltima semana.<\/p>\n<p>&nbsp;<\/p>\n<p>O pre\u00e7o da gasolina j\u00e1 havia aumentado R$ 0,21 por litro na semana de 4 a 10 de junho, com a mudan\u00e7a na forma de tributa\u00e7\u00e3o do ICMS, que passou a ser uma al\u00edquota fixa por litro.<\/p>\n<p>&nbsp;<\/p>\n<p>Em fevereiro deste ano, a equipe econ\u00f4mica j\u00e1 tinha anunciado uma alta de tributos de R$ 0,47 por litro para a gasolina e de R$ 0,02 por litro para o etanol<\/p>\n<p>&nbsp;<\/p>\n<p>Na ocasi\u00e3o, foi feita uma \u201creonera\u00e7\u00e3o\u201d parcial. Para compensar o aumento apenas parcial dos tributos, foi institu\u00eddo um imposto sobre exporta\u00e7\u00e3o de \u00f3leo cru \u2013 este com validade de quatro meses.<\/p>\n<p>&nbsp;<\/p>\n<p>Ao fim desse per\u00edodo, no come\u00e7o de julho, haver\u00e1 um novo aumento dos tributos sobre gasolina e \u00e1lcool.<\/p>\n<p>&nbsp;<\/p>\n<p><strong>Governo pode atuar, indica Haddad<\/strong><\/p>\n<p>&nbsp;<\/p>\n<p>Em meados de maio, o ministro da Fazenda, Fernando Haddad, indicou, durante audi\u00eancia p\u00fablica na C\u00e2mara dos Deputados, que a Petrobras pode reduzir os pre\u00e7os dos combust\u00edveis nos pr\u00f3ximos meses para compensar o aumento dos tributos federais previstos para julho.<\/p>\n<p>&nbsp;<\/p>\n<p>\u201cCom o aumento [de tributos] previsto para 1\u00ba de julho, vai ser absorvido pela queda do pre\u00e7o deixada para esse dia. N\u00f3s n\u00e3o baixamos tudo o que pod\u00edamos. Justamente esperando o 1\u00ba de julho, quando acaba o imposto de exporta\u00e7\u00e3o e acaba o ciclo de reonera\u00e7\u00e3o\u201d, declarou, ele na ocasi\u00e3o.<\/p>\n<p>&nbsp;<\/p>\n<p>Com a\u00e7\u00f5es listadas em bolsa, a Petrobras divulgou um fato relevante no mesmo dia.<\/p>\n<p>&nbsp;<\/p>\n<p>\u201cA Petrobras n\u00e3o antecipa decis\u00f5es de reajustes e refor\u00e7a que n\u00e3o h\u00e1 nenhuma decis\u00e3o tomada por seu Grupo Executivo de Mercado e Pre\u00e7os (GEMP) que ainda n\u00e3o tenha sido anunciada ao mercado\u201d, informou a empresa, em 17 de maio.<\/p>\n<p>&nbsp;<\/p>\n<p>De acordo com ele, essa redu\u00e7\u00e3o prevista para julho, na gasolina e no \u00e1lcool pela Petrobras, estaria em linha com os pre\u00e7os internacionais.<\/p>\n<p>&nbsp;<\/p>\n<p>\u201cA Petrobras deixou claro que obviamente vai olhar o pre\u00e7o internacional. N\u00e3o tem como escapar disso porque ela importa. Ela pode, em uma situa\u00e7\u00e3o mais favor\u00e1vel como agora em que o pre\u00e7o do petr\u00f3leo caiu, mas que o pre\u00e7o do d\u00f3lar caiu, combinar os dois fatores e reonerar sem impacto na bomba\u201d, declarou Haddad.<\/p>\n<p>&nbsp;<\/p>\n<p>Ele tamb\u00e9m sinalizou que o mesmo procedimento deve ser feito com o diesel, cuja desonera\u00e7\u00e3o vale at\u00e9 o fim desse ano. \u201cE tudo bem, como vai acontecer com o diesel no final do ano. J\u00e1 deixou uma gordura para computar a reonera\u00e7\u00e3o\u201d, acrescentou.<\/p>\n<p>&nbsp;<\/p>\n<p>&nbsp;<\/p>\n<p>&nbsp;<\/p>\n<p><strong>Fonte: G1<\/strong><\/p>\n<p>&nbsp;<\/p>\n","protected":false},"excerpt":{"rendered":"<p>O governo federal aumentar\u00e1, novamente, impostos federais sobre gasolina e etanol no in\u00edcio de julho, ou seja, a partir do pr\u00f3ximo s\u00e1bado (1\u00ba). &nbsp; O aumento do PIS\/Cofins ser\u00e1 de R$ 0,22 por litro no caso dos dois combust\u00edveis. &nbsp; A alta na tributa\u00e7\u00e3o acontece ap\u00f3s a Petrobras ter anunciado, na semana passada, uma redu\u00e7\u00e3o &hellip;<\/p>\n","protected":false},"author":2,"featured_media":28530,"comment_status":"open","ping_status":"open","sticky":false,"template":"","format":"standard","meta":{"_jetpack_memberships_contains_paid_content":false,"footnotes":""},"categories":[5],"tags":[],"class_list":["post-28529","post","type-post","status-publish","format-standard","has-post-thumbnail","hentry","category-brasil-mundo"],"jetpack_featured_media_url":"https:\/\/www.oparanews.com.br\/wp-content\/uploads\/2023\/06\/aumento_gazolina-800x490-1.jpg","jetpack_sharing_enabled":true,"_links":{"self":[{"href":"https:\/\/www.oparanews.com.br\/index.php\/wp-json\/wp\/v2\/posts\/28529","targetHints":{"allow":["GET"]}}],"collection":[{"href":"https:\/\/www.oparanews.com.br\/index.php\/wp-json\/wp\/v2\/posts"}],"about":[{"href":"https:\/\/www.oparanews.com.br\/index.php\/wp-json\/wp\/v2\/types\/post"}],"author":[{"embeddable":true,"href":"https:\/\/www.oparanews.com.br\/index.php\/wp-json\/wp\/v2\/users\/2"}],"replies":[{"embeddable":true,"href":"https:\/\/www.oparanews.com.br\/index.php\/wp-json\/wp\/v2\/comments?post=28529"}],"version-history":[{"count":1,"href":"https:\/\/www.oparanews.com.br\/index.php\/wp-json\/wp\/v2\/posts\/28529\/revisions"}],"predecessor-version":[{"id":28531,"href":"https:\/\/www.oparanews.com.br\/index.php\/wp-json\/wp\/v2\/posts\/28529\/revisions\/28531"}],"wp:featuredmedia":[{"embeddable":true,"href":"https:\/\/www.oparanews.com.br\/index.php\/wp-json\/wp\/v2\/media\/28530"}],"wp:attachment":[{"href":"https:\/\/www.oparanews.com.br\/index.php\/wp-json\/wp\/v2\/media?parent=28529"}],"wp:term":[{"taxonomy":"category","embeddable":true,"href":"https:\/\/www.oparanews.com.br\/index.php\/wp-json\/wp\/v2\/categories?post=28529"},{"taxonomy":"post_tag","embeddable":true,"href":"https:\/\/www.oparanews.com.br\/index.php\/wp-json\/wp\/v2\/tags?post=28529"}],"curies":[{"name":"wp","href":"https:\/\/api.w.org\/{rel}","templated":true}]}}