{"id":28543,"date":"2023-06-26T22:10:29","date_gmt":"2023-06-27T01:10:29","guid":{"rendered":"https:\/\/www.oparanews.com.br\/?p=28543"},"modified":"2023-06-26T22:10:29","modified_gmt":"2023-06-27T01:10:29","slug":"parceria-entre-prefeitura-de-penedo-e-senac-abre-novas-turmas-para-curso-gratuito-de-operador-de-computador","status":"publish","type":"post","link":"https:\/\/www.oparanews.com.br\/index.php\/2023\/06\/26\/parceria-entre-prefeitura-de-penedo-e-senac-abre-novas-turmas-para-curso-gratuito-de-operador-de-computador\/","title":{"rendered":"Parceria entre Prefeitura de Penedo e Senac abre novas turmas para curso gratuito de operador de computador"},"content":{"rendered":"<p>Quem perdeu a oportunidade de se profissionalizar no curso de Operador de Computador ofertado pelo Senac em Penedo, tem uma nova chance. A parceria entre a institui\u00e7\u00e3o formadora de m\u00e3o de obra qualificada e a Prefeitura de Penedo abre novas turmas.<\/p>\n<p>&nbsp;<\/p>\n<p>A iniciativa da gest\u00e3o Ronaldo Lopes\/Jo\u00e3o Lucas prepara a popula\u00e7\u00e3o penedense para o mercado de trabalho e o empreendedorismo, com articula\u00e7\u00e3o da Secretaria Municipal de Desenvolvimento Econ\u00f4mico, Com\u00e9rcio e Ind\u00fastria (Sedecin).<\/p>\n<p>&nbsp;<\/p>\n<p>A qualifica\u00e7\u00e3o \u00e9 gratuita, com inscri\u00e7\u00e3o para mais duas turmas (tarde e noite) abertas no pr\u00f3ximo dia 03 de julho. As aulas ser\u00e3o realizadas na carreta-escola do Senac a partir de 31 de julho, concluindo em 09 de outubro.<\/p>\n<p>&nbsp;<\/p>\n<p>Cursos do Senac capacitam penedenses em duas \u00e1reas de trabalho<\/p>\n<p>&nbsp;<\/p>\n<p>O curso de operador de computador do Senac pode ser feito por quem reside em Penedo, desde que tenha o ensino fundamental completo e pelo menos 15 anos de idade.<\/p>\n<p>&nbsp;<\/p>\n<p>Para se inscrever, \u00e9 preciso apresentar xerox do RG (carteira de identidade), do CPF e do comprovante de resid\u00eancia. Em rela\u00e7\u00e3o \u00e0 escolaridade m\u00ednima exigida, a declara\u00e7\u00e3o precisa ser original e v\u00e1lida por 30 dias ap\u00f3s a emiss\u00e3o. Para hist\u00f3rico escolar, pode apresentar apenas a xerox.<\/p>\n<p>&nbsp;<\/p>\n<p>A Sedecin Penedo alerta sobre a inscri\u00e7\u00e3o para menores de idade, procedimento que precisa da presen\u00e7a dos pais ou do respons\u00e1vel, portando xerox do RG e do CPF. Al\u00e9m disso, \u00e9 preciso assinar os termos e declara\u00e7\u00f5es para efetuar a inscri\u00e7\u00e3o.<\/p>\n<p>&nbsp;<\/p>\n<p>O curso tem carga hor\u00e1ria de 196 horas e ensina aos participantes desde a inform\u00e1tica b\u00e1sica at\u00e9 a avan\u00e7ada; instala\u00e7\u00e3o, configura\u00e7\u00e3o e opera\u00e7\u00e3o de sistemas operacionais; pacote Office do Windows; e no\u00e7\u00f5es de manuten\u00e7\u00e3o de computador.<\/p>\n<p>&nbsp;<\/p>\n<p>As vagas para a qualifica\u00e7\u00e3o profissional s\u00e3o limitadas, com inscri\u00e7\u00e3o na Biblioteca da Sociedade de Cultura e Arte Popular de Penedo, localizada ao lado da Ag\u00eancia dos Correios, a partir do pr\u00f3ximo dia 03 de julho, de segunda \u00e0 sexta-feira, no hor\u00e1rio entre 8h00 e 13 horas.<\/p>\n<p>&nbsp;<\/p>\n<p>&nbsp;<\/p>\n<p>&nbsp;<\/p>\n<p><strong>Fonte: Secom PMP<\/strong><\/p>\n<p>&nbsp;<\/p>\n","protected":false},"excerpt":{"rendered":"<p>Quem perdeu a oportunidade de se profissionalizar no curso de Operador de Computador ofertado pelo Senac em Penedo, tem uma nova chance. A parceria entre a institui\u00e7\u00e3o formadora de m\u00e3o de obra qualificada e a Prefeitura de Penedo abre novas turmas. &nbsp; A iniciativa da gest\u00e3o Ronaldo Lopes\/Jo\u00e3o Lucas prepara a popula\u00e7\u00e3o penedense para o &hellip;<\/p>\n","protected":false},"author":2,"featured_media":28544,"comment_status":"open","ping_status":"open","sticky":false,"template":"","format":"standard","meta":{"_jetpack_memberships_contains_paid_content":false,"footnotes":""},"categories":[1,3],"tags":[],"class_list":["post-28543","post","type-post","status-publish","format-standard","has-post-thumbnail","hentry","category-destaque","category-penedo"],"jetpack_featured_media_url":"https:\/\/www.oparanews.com.br\/wp-content\/uploads\/2023\/06\/cursos-senac-penedo-secom.jpeg","jetpack_sharing_enabled":true,"_links":{"self":[{"href":"https:\/\/www.oparanews.com.br\/index.php\/wp-json\/wp\/v2\/posts\/28543","targetHints":{"allow":["GET"]}}],"collection":[{"href":"https:\/\/www.oparanews.com.br\/index.php\/wp-json\/wp\/v2\/posts"}],"about":[{"href":"https:\/\/www.oparanews.com.br\/index.php\/wp-json\/wp\/v2\/types\/post"}],"author":[{"embeddable":true,"href":"https:\/\/www.oparanews.com.br\/index.php\/wp-json\/wp\/v2\/users\/2"}],"replies":[{"embeddable":true,"href":"https:\/\/www.oparanews.com.br\/index.php\/wp-json\/wp\/v2\/comments?post=28543"}],"version-history":[{"count":1,"href":"https:\/\/www.oparanews.com.br\/index.php\/wp-json\/wp\/v2\/posts\/28543\/revisions"}],"predecessor-version":[{"id":28545,"href":"https:\/\/www.oparanews.com.br\/index.php\/wp-json\/wp\/v2\/posts\/28543\/revisions\/28545"}],"wp:featuredmedia":[{"embeddable":true,"href":"https:\/\/www.oparanews.com.br\/index.php\/wp-json\/wp\/v2\/media\/28544"}],"wp:attachment":[{"href":"https:\/\/www.oparanews.com.br\/index.php\/wp-json\/wp\/v2\/media?parent=28543"}],"wp:term":[{"taxonomy":"category","embeddable":true,"href":"https:\/\/www.oparanews.com.br\/index.php\/wp-json\/wp\/v2\/categories?post=28543"},{"taxonomy":"post_tag","embeddable":true,"href":"https:\/\/www.oparanews.com.br\/index.php\/wp-json\/wp\/v2\/tags?post=28543"}],"curies":[{"name":"wp","href":"https:\/\/api.w.org\/{rel}","templated":true}]}}