{"id":28546,"date":"2023-06-26T22:22:28","date_gmt":"2023-06-27T01:22:28","guid":{"rendered":"https:\/\/www.oparanews.com.br\/?p=28546"},"modified":"2023-06-26T22:22:28","modified_gmt":"2023-06-27T01:22:28","slug":"acao-vacina-no-braco-pao-na-mao-imuniza-cerca-de-800-pessoas-contra-influenza-em-penedo","status":"publish","type":"post","link":"https:\/\/www.oparanews.com.br\/index.php\/2023\/06\/26\/acao-vacina-no-braco-pao-na-mao-imuniza-cerca-de-800-pessoas-contra-influenza-em-penedo\/","title":{"rendered":"A\u00e7\u00e3o Vacina no Bra\u00e7o, P\u00e3o na M\u00e3o imuniza cerca de 800 pessoas contra Influenza em Penedo"},"content":{"rendered":"<p>Com o intuito de vacinar as pessoas que n\u00e3o tinham tempo durante o dia para ir ao posto de sa\u00fade, a Secretaria Municipal de Sa\u00fade (SEMS) realizou durante 7 dias a a\u00e7\u00e3o \u201cVacina no Bra\u00e7o, P\u00e3o na M\u00e3o\u201d, imunizando 786 pessoas contra a gripe Influenza em Penedo.<\/p>\n<p>&nbsp;<\/p>\n<p>O carro da vacina da SEMS percorreu \u00e1reas estrat\u00e9gicas da cidade, disponibilizando os imunizantes contra a Influenza e distribuindo cinco p\u00e3es para quem tomasse a vacina.<\/p>\n<p>&nbsp;<\/p>\n<p>\u201cEu achei muito legal essa iniciativa da secretaria. Por falta de tempo, eu n\u00e3o tinha conseguido ir me vacinar no posto. A\u00ed eu vi voc\u00eas aqui na rua hoje, peguei meu guarda-chuva e vim correndo. E fiquei surpresa por ganhar p\u00e3o. Achei super criativa a a\u00e7\u00e3o\u201d, disse a moradora da Vila Matias, Ivete Santos.<\/p>\n<p>&nbsp;<\/p>\n<p>A estrat\u00e9gia inovadora vacinou 217 idosos, 189 crian\u00e7as e 380 pessoas sem comorbidade. Com esses n\u00fameros, Penedo j\u00e1 ultrapassou a meta 90% estabelecidas pelo Minist\u00e9rio da Sa\u00fade para a campanha contra a Influenza.<\/p>\n<p>&nbsp;<\/p>\n<p>\u201cCom o intuito de vacinar mais pessoas em meio a campanha contra a gripe, a Secretaria de Sa\u00fade de Penedo montou uma estrat\u00e9gia bem exitosa, onde vacinamos o cidad\u00e3o e em troca ele recebe uma sacola de p\u00e3o. Isso foi apenas um incentivo para a vacina\u00e7\u00e3o e o resultado foi extraordin\u00e1rio, porque conseguimos vacinar quase 800 pessoas e a gente pretende continuar nos pr\u00f3ximos anos porque foi algo que deu muito certo\u201d, declarou a Diretora de Epidemiologia e Imuniza\u00e7\u00e3o da SEMS, Dhayanna Gabryella de Oliveira.<\/p>\n<p>&nbsp;<\/p>\n<p>A campanha contra a Influenza foi prorrogada at\u00e9 o dia 30 de junho nos postos de sa\u00fade para pessoas maiores de 6 meses de idade. Quanto mais pessoas forem vacinadas, o v\u00edrus n\u00e3o vai conseguir circular facilmente no munic\u00edpio nessa \u00e9poca de chuvas constantes.<\/p>\n<p>&nbsp;<\/p>\n<p>&nbsp;<\/p>\n<p>&nbsp;<\/p>\n<p><strong>por Gabriela Flores \u2013 jornalista e social media SEMS Penedo<\/strong><\/p>\n<p>&nbsp;<\/p>\n","protected":false},"excerpt":{"rendered":"<p>Com o intuito de vacinar as pessoas que n\u00e3o tinham tempo durante o dia para ir ao posto de sa\u00fade, a Secretaria Municipal de Sa\u00fade (SEMS) realizou durante 7 dias a a\u00e7\u00e3o \u201cVacina no Bra\u00e7o, P\u00e3o na M\u00e3o\u201d, imunizando 786 pessoas contra a gripe Influenza em Penedo. &nbsp; O carro da vacina da SEMS percorreu &hellip;<\/p>\n","protected":false},"author":2,"featured_media":28547,"comment_status":"open","ping_status":"open","sticky":false,"template":"","format":"standard","meta":{"_jetpack_memberships_contains_paid_content":false,"footnotes":""},"categories":[1,3],"tags":[],"class_list":["post-28546","post","type-post","status-publish","format-standard","has-post-thumbnail","hentry","category-destaque","category-penedo"],"jetpack_featured_media_url":"https:\/\/www.oparanews.com.br\/wp-content\/uploads\/2023\/06\/vacina-no-braco-pao-na-mao.jpeg","jetpack_sharing_enabled":true,"_links":{"self":[{"href":"https:\/\/www.oparanews.com.br\/index.php\/wp-json\/wp\/v2\/posts\/28546","targetHints":{"allow":["GET"]}}],"collection":[{"href":"https:\/\/www.oparanews.com.br\/index.php\/wp-json\/wp\/v2\/posts"}],"about":[{"href":"https:\/\/www.oparanews.com.br\/index.php\/wp-json\/wp\/v2\/types\/post"}],"author":[{"embeddable":true,"href":"https:\/\/www.oparanews.com.br\/index.php\/wp-json\/wp\/v2\/users\/2"}],"replies":[{"embeddable":true,"href":"https:\/\/www.oparanews.com.br\/index.php\/wp-json\/wp\/v2\/comments?post=28546"}],"version-history":[{"count":1,"href":"https:\/\/www.oparanews.com.br\/index.php\/wp-json\/wp\/v2\/posts\/28546\/revisions"}],"predecessor-version":[{"id":28548,"href":"https:\/\/www.oparanews.com.br\/index.php\/wp-json\/wp\/v2\/posts\/28546\/revisions\/28548"}],"wp:featuredmedia":[{"embeddable":true,"href":"https:\/\/www.oparanews.com.br\/index.php\/wp-json\/wp\/v2\/media\/28547"}],"wp:attachment":[{"href":"https:\/\/www.oparanews.com.br\/index.php\/wp-json\/wp\/v2\/media?parent=28546"}],"wp:term":[{"taxonomy":"category","embeddable":true,"href":"https:\/\/www.oparanews.com.br\/index.php\/wp-json\/wp\/v2\/categories?post=28546"},{"taxonomy":"post_tag","embeddable":true,"href":"https:\/\/www.oparanews.com.br\/index.php\/wp-json\/wp\/v2\/tags?post=28546"}],"curies":[{"name":"wp","href":"https:\/\/api.w.org\/{rel}","templated":true}]}}