{"id":28564,"date":"2023-06-29T17:02:21","date_gmt":"2023-06-29T20:02:21","guid":{"rendered":"https:\/\/www.oparanews.com.br\/?p=28564"},"modified":"2023-06-29T17:02:21","modified_gmt":"2023-06-29T20:02:21","slug":"forro-tradicional-estilizado-e-musica-sertaneja-agitam-publico-do-arroche-o-no-2023","status":"publish","type":"post","link":"https:\/\/www.oparanews.com.br\/index.php\/2023\/06\/29\/forro-tradicional-estilizado-e-musica-sertaneja-agitam-publico-do-arroche-o-no-2023\/","title":{"rendered":"Forr\u00f3 tradicional, estilizado e m\u00fasica sertaneja agitam p\u00fablico do Arroche o N\u00f3 2023"},"content":{"rendered":"<p>O resgate dos festejos juninos em Penedo tem a marca da gest\u00e3o Ronaldo Lopes\/Jo\u00e3o Lucas, com espa\u00e7o aberto ao p\u00fablico e inclus\u00e3o da diversidade no super evento que injeta recursos na economia local.<\/p>\n<p>&nbsp;<\/p>\n<p>Do forr\u00f3 tradicional ao estilo \u2018sofr\u00eancia\u2019, a programa\u00e7\u00e3o do Arroche o N\u00f3 valoriza artistas penedenses e atra\u00e7\u00f5es de n\u00edvel nacional, todo mundo utilizando a mesma estrutura, dos camarins ao palco G\u00e9rson Filho, homenagem ao forrozeiro penedense Rei dos 8 Baixos.<\/p>\n<p>&nbsp;<\/p>\n<p>Na segunda noite da festa que n\u00e3o era realizada h\u00e1 mais de dez anos na cidade ribeirinha, Santana Bai\u00e3o da Penha (artista natural de Penedo, radicado em Aracaju-SE) deu um show na abertura da programa\u00e7\u00e3o de quarta-feira, 28.<\/p>\n<p><a href=\"http:\/\/www.oparanews.com.br\/wp-content\/uploads\/2023\/06\/arroche-o-no-2023-penedo-17.jpeg\"><img loading=\"lazy\" decoding=\"async\" class=\"aligncenter size-full wp-image-28566\" src=\"http:\/\/www.oparanews.com.br\/wp-content\/uploads\/2023\/06\/arroche-o-no-2023-penedo-17.jpeg\" alt=\"\" width=\"1600\" height=\"1066\" srcset=\"https:\/\/www.oparanews.com.br\/wp-content\/uploads\/2023\/06\/arroche-o-no-2023-penedo-17.jpeg 1600w, https:\/\/www.oparanews.com.br\/wp-content\/uploads\/2023\/06\/arroche-o-no-2023-penedo-17-300x200.jpeg 300w, https:\/\/www.oparanews.com.br\/wp-content\/uploads\/2023\/06\/arroche-o-no-2023-penedo-17-1024x682.jpeg 1024w, https:\/\/www.oparanews.com.br\/wp-content\/uploads\/2023\/06\/arroche-o-no-2023-penedo-17-768x512.jpeg 768w, https:\/\/www.oparanews.com.br\/wp-content\/uploads\/2023\/06\/arroche-o-no-2023-penedo-17-1536x1023.jpeg 1536w\" sizes=\"auto, (max-width: 1600px) 100vw, 1600px\" \/><\/a><\/p>\n<p>Em seguida, mais penedenses no palco do Arroche o N\u00f3 2023. A banda Fio Dental desfilou seu repert\u00f3rio, apresenta\u00e7\u00e3o que poderia ter acontecido em outra cidade.<\/p>\n<p>&nbsp;<\/p>\n<p>\u201cA gente tinha um show em Pernambuco e disseram que nossa data seria no dia 28, a\u00ed Roseval decidiu tocar em Penedo porque \u00e9 a nossa terra, a nossa cidade e porque somos queridos e amados aqui\u201d, disse a cantora Sandra Moreno sobre a decis\u00e3o do empres\u00e1rio da banda, elogiando ainda a realiza\u00e7\u00e3o do evento e sua estrutura.<\/p>\n<p>&nbsp;<\/p>\n<p>Como nunca se fez antes nos eventos promovidos pela Prefeitura de Penedo, a Secretaria Municipal de Cultura, Lazer e Juventude (SEMCLEJ) abre mais espa\u00e7o para artistas penedenses, colocando a cantora Rikielly Souza entre as atra\u00e7\u00f5es.<\/p>\n<p><a href=\"http:\/\/www.oparanews.com.br\/wp-content\/uploads\/2023\/06\/arroche-o-no-2023-penedo-13.jpeg\"><img loading=\"lazy\" decoding=\"async\" class=\"aligncenter size-full wp-image-28567\" src=\"http:\/\/www.oparanews.com.br\/wp-content\/uploads\/2023\/06\/arroche-o-no-2023-penedo-13.jpeg\" alt=\"\" width=\"1600\" height=\"1066\" srcset=\"https:\/\/www.oparanews.com.br\/wp-content\/uploads\/2023\/06\/arroche-o-no-2023-penedo-13.jpeg 1600w, https:\/\/www.oparanews.com.br\/wp-content\/uploads\/2023\/06\/arroche-o-no-2023-penedo-13-300x200.jpeg 300w, https:\/\/www.oparanews.com.br\/wp-content\/uploads\/2023\/06\/arroche-o-no-2023-penedo-13-1024x682.jpeg 1024w, https:\/\/www.oparanews.com.br\/wp-content\/uploads\/2023\/06\/arroche-o-no-2023-penedo-13-768x512.jpeg 768w, https:\/\/www.oparanews.com.br\/wp-content\/uploads\/2023\/06\/arroche-o-no-2023-penedo-13-1536x1023.jpeg 1536w\" sizes=\"auto, (max-width: 1600px) 100vw, 1600px\" \/><\/a><\/p>\n<p>Com 12 anos de carreira, Rikielly preparou um repert\u00f3rio especial para os festejos juninos, como se viu no show que antecedeu a apresenta\u00e7\u00e3o de Jonas Esticado e da dupla Garota Sertaneja, atra\u00e7\u00f5es que fecharam a segunda noite de festa.<\/p>\n<p>&nbsp;<\/p>\n<p>Neste feriado de S\u00e3o Pedro, o Arroche o N\u00f3 2023 come\u00e7a com apresenta\u00e7\u00e3o da quadrilha junina penedense Chap\u00e9u de Couro, na tenda cultural da \u00e1rea dos festejos. J\u00e1 no palco Gerson Filho, os shows ficam por conta de Maxylene Cruz, Kel Monalisa, Love do Bom, Eric Land e banda Face Nova.<\/p>\n<p>&nbsp;<\/p>\n<p>&nbsp;<\/p>\n<p>&nbsp;<\/p>\n<p>&nbsp;<\/p>\n<p><strong>Fonte: Secom PMP<\/strong><\/p>\n<p>&nbsp;<\/p>\n<p>&nbsp;<\/p>\n","protected":false},"excerpt":{"rendered":"<p>O resgate dos festejos juninos em Penedo tem a marca da gest\u00e3o Ronaldo Lopes\/Jo\u00e3o Lucas, com espa\u00e7o aberto ao p\u00fablico e inclus\u00e3o da diversidade no super evento que injeta recursos na economia local. &nbsp; Do forr\u00f3 tradicional ao estilo \u2018sofr\u00eancia\u2019, a programa\u00e7\u00e3o do Arroche o N\u00f3 valoriza artistas penedenses e atra\u00e7\u00f5es de n\u00edvel nacional, todo &hellip;<\/p>\n","protected":false},"author":2,"featured_media":28565,"comment_status":"open","ping_status":"open","sticky":false,"template":"","format":"standard","meta":{"_jetpack_memberships_contains_paid_content":false,"footnotes":""},"categories":[1,3],"tags":[],"class_list":["post-28564","post","type-post","status-publish","format-standard","has-post-thumbnail","hentry","category-destaque","category-penedo"],"jetpack_featured_media_url":"https:\/\/www.oparanews.com.br\/wp-content\/uploads\/2023\/06\/arroche-o-no-2023-penedo-1.jpeg","jetpack_sharing_enabled":true,"_links":{"self":[{"href":"https:\/\/www.oparanews.com.br\/index.php\/wp-json\/wp\/v2\/posts\/28564","targetHints":{"allow":["GET"]}}],"collection":[{"href":"https:\/\/www.oparanews.com.br\/index.php\/wp-json\/wp\/v2\/posts"}],"about":[{"href":"https:\/\/www.oparanews.com.br\/index.php\/wp-json\/wp\/v2\/types\/post"}],"author":[{"embeddable":true,"href":"https:\/\/www.oparanews.com.br\/index.php\/wp-json\/wp\/v2\/users\/2"}],"replies":[{"embeddable":true,"href":"https:\/\/www.oparanews.com.br\/index.php\/wp-json\/wp\/v2\/comments?post=28564"}],"version-history":[{"count":1,"href":"https:\/\/www.oparanews.com.br\/index.php\/wp-json\/wp\/v2\/posts\/28564\/revisions"}],"predecessor-version":[{"id":28568,"href":"https:\/\/www.oparanews.com.br\/index.php\/wp-json\/wp\/v2\/posts\/28564\/revisions\/28568"}],"wp:featuredmedia":[{"embeddable":true,"href":"https:\/\/www.oparanews.com.br\/index.php\/wp-json\/wp\/v2\/media\/28565"}],"wp:attachment":[{"href":"https:\/\/www.oparanews.com.br\/index.php\/wp-json\/wp\/v2\/media?parent=28564"}],"wp:term":[{"taxonomy":"category","embeddable":true,"href":"https:\/\/www.oparanews.com.br\/index.php\/wp-json\/wp\/v2\/categories?post=28564"},{"taxonomy":"post_tag","embeddable":true,"href":"https:\/\/www.oparanews.com.br\/index.php\/wp-json\/wp\/v2\/tags?post=28564"}],"curies":[{"name":"wp","href":"https:\/\/api.w.org\/{rel}","templated":true}]}}