{"id":28594,"date":"2023-07-02T21:45:12","date_gmt":"2023-07-03T00:45:12","guid":{"rendered":"https:\/\/www.oparanews.com.br\/?p=28594"},"modified":"2023-07-02T21:45:12","modified_gmt":"2023-07-03T00:45:12","slug":"inscricoes-para-lista-de-espera-do-sisu-terminam-na-proxima-terca","status":"publish","type":"post","link":"https:\/\/www.oparanews.com.br\/index.php\/2023\/07\/02\/inscricoes-para-lista-de-espera-do-sisu-terminam-na-proxima-terca\/","title":{"rendered":"Inscri\u00e7\u00f5es para lista de espera do Sisu terminam na pr\u00f3xima ter\u00e7a"},"content":{"rendered":"<p>Os candidatos que n\u00e3o foram selecionados na chamada regular do Sistema\u202fde\u202fSele\u00e7\u00e3o Unificada (Sisu) do segundo semestre de 2023 t\u00eam at\u00e9 ter\u00e7a-feira (4) para manifestar interesse em participar da lista de espera. O prazo para a inscri\u00e7\u00e3o come\u00e7ou na \u00faltima ter\u00e7a-feira (27) e deve ser feita pelo <a href=\"https:\/\/acessounico.mec.gov.br\/\"><strong>Portal \u00danico de Acesso ao Ensino Superior<\/strong><\/a>.<\/p>\n<p>&nbsp;<\/p>\n<p>Os candidatos que estiverem na lista de espera para a matr\u00edcula ser\u00e3o convocados pelas pr\u00f3prias institui\u00e7\u00f5es a partir do dia 10 de julho, portanto o estudante interessado deve se informar junto \u00e0 institui\u00e7\u00e3o para a qual est\u00e1 inscrito.<\/p>\n<p>&nbsp;<\/p>\n<p>\u201cAs convoca\u00e7\u00f5es s\u00e3o gerenciadas e realizadas por cada institui\u00e7\u00e3o,\u202fde acordo com seu planejamento. As informa\u00e7\u00f5es, conforme portaria, devem estar em\u202fedital da\u202finstitui\u00e7\u00e3o de educa\u00e7\u00e3o superior\u202fe no site da\u202finstitui\u00e7\u00e3o\u201d, diz o Minist\u00e9rio da Educa\u00e7\u00e3o (MEC).<\/p>\n<p>&nbsp;<\/p>\n<p>O dia 4 de julho tamb\u00e9m \u00e9 a data final para que os estudantes se matriculem nas institui\u00e7\u00f5es de ensino para as quais foram selecionados. O prazo come\u00e7ou na quinta-feira, 29 de junho. Os candidatos devem verificar os dias, hor\u00e1rios e locais de atendimento definidos por cada institui\u00e7\u00e3o em edital pr\u00f3prio.<\/p>\n<p>&nbsp;<\/p>\n<p>O MEC divulgou o resultado da chamada \u00fanica do Sisu no dia 27 de junho, no\u202f portal do Sisu. Ao todo, a segunda edi\u00e7\u00e3o\u202fde 2023\u202fdo programa teve\u202f305.797\u202finscritos.<\/p>\n<p>&nbsp;<\/p>\n<p>&nbsp;<\/p>\n<p>&nbsp;<\/p>\n<p><strong>Fonte: Ag\u00eancia Brasil<\/strong><\/p>\n<p>&nbsp;<\/p>\n","protected":false},"excerpt":{"rendered":"<p>Os candidatos que n\u00e3o foram selecionados na chamada regular do Sistema\u202fde\u202fSele\u00e7\u00e3o Unificada (Sisu) do segundo semestre de 2023 t\u00eam at\u00e9 ter\u00e7a-feira (4) para manifestar interesse em participar da lista de espera. O prazo para a inscri\u00e7\u00e3o come\u00e7ou na \u00faltima ter\u00e7a-feira (27) e deve ser feita pelo Portal \u00danico de Acesso ao Ensino Superior. &nbsp; Os &hellip;<\/p>\n","protected":false},"author":2,"featured_media":28595,"comment_status":"open","ping_status":"open","sticky":false,"template":"","format":"standard","meta":{"_jetpack_memberships_contains_paid_content":false,"footnotes":""},"categories":[5],"tags":[],"class_list":["post-28594","post","type-post","status-publish","format-standard","has-post-thumbnail","hentry","category-brasil-mundo"],"jetpack_featured_media_url":"https:\/\/www.oparanews.com.br\/wp-content\/uploads\/2023\/07\/rsw_800h_500i_truecg_trueft_cover.webp","jetpack_sharing_enabled":true,"_links":{"self":[{"href":"https:\/\/www.oparanews.com.br\/index.php\/wp-json\/wp\/v2\/posts\/28594","targetHints":{"allow":["GET"]}}],"collection":[{"href":"https:\/\/www.oparanews.com.br\/index.php\/wp-json\/wp\/v2\/posts"}],"about":[{"href":"https:\/\/www.oparanews.com.br\/index.php\/wp-json\/wp\/v2\/types\/post"}],"author":[{"embeddable":true,"href":"https:\/\/www.oparanews.com.br\/index.php\/wp-json\/wp\/v2\/users\/2"}],"replies":[{"embeddable":true,"href":"https:\/\/www.oparanews.com.br\/index.php\/wp-json\/wp\/v2\/comments?post=28594"}],"version-history":[{"count":1,"href":"https:\/\/www.oparanews.com.br\/index.php\/wp-json\/wp\/v2\/posts\/28594\/revisions"}],"predecessor-version":[{"id":28596,"href":"https:\/\/www.oparanews.com.br\/index.php\/wp-json\/wp\/v2\/posts\/28594\/revisions\/28596"}],"wp:featuredmedia":[{"embeddable":true,"href":"https:\/\/www.oparanews.com.br\/index.php\/wp-json\/wp\/v2\/media\/28595"}],"wp:attachment":[{"href":"https:\/\/www.oparanews.com.br\/index.php\/wp-json\/wp\/v2\/media?parent=28594"}],"wp:term":[{"taxonomy":"category","embeddable":true,"href":"https:\/\/www.oparanews.com.br\/index.php\/wp-json\/wp\/v2\/categories?post=28594"},{"taxonomy":"post_tag","embeddable":true,"href":"https:\/\/www.oparanews.com.br\/index.php\/wp-json\/wp\/v2\/tags?post=28594"}],"curies":[{"name":"wp","href":"https:\/\/api.w.org\/{rel}","templated":true}]}}