{"id":28606,"date":"2023-07-04T00:08:06","date_gmt":"2023-07-04T03:08:06","guid":{"rendered":"https:\/\/www.oparanews.com.br\/?p=28606"},"modified":"2023-07-04T00:08:06","modified_gmt":"2023-07-04T03:08:06","slug":"festival-de-musica-de-penedo-lanca-edital-e-abre-inscricoes-para-a-2a-mostra-autoral-velho-chico","status":"publish","type":"post","link":"https:\/\/www.oparanews.com.br\/index.php\/2023\/07\/04\/festival-de-musica-de-penedo-lanca-edital-e-abre-inscricoes-para-a-2a-mostra-autoral-velho-chico\/","title":{"rendered":"Festival de M\u00fasica de Penedo lan\u00e7a edital e abre inscri\u00e7\u00f5es para a 2\u00aa Mostra Autoral Velho Chico"},"content":{"rendered":"<p>J\u00e1 foi dada a largada para a edi\u00e7\u00e3o de 2023 do Festival de M\u00fasica de Penedo (FEMUPE), que acontecer\u00e1 entre os dias 17 a 21 de outubro. Junto ao festival ser\u00e1 realizada tamb\u00e9m a 2\u00aa Mostra Autoral Velho Chico.<\/p>\n<p>&nbsp;<\/p>\n<p>Compositores podem realizar as inscri\u00e7\u00f5es at\u00e9 o dia 3 de agosto no site oficial do festival, acessando aqui, ou na sede da Secretaria Municipal de Cultura, Lazer e Juventude de Penedo, na Rua Damazo do Monte, n\u00ba 144, Centro Hist\u00f3rico, Penedo, de segunda a sexta, das 8h \u00e0s 12h.<\/p>\n<p>&nbsp;<\/p>\n<p>Para participar, os candidatos ter\u00e3o que ser maiores de 18 anos, brasileiros natos ou naturalizados, ou tamb\u00e9m estrangeiros com perman\u00eancia legalizada no Brasil e com resid\u00eancia comprovada h\u00e1 1 ano completados at\u00e9 a data da inscri\u00e7\u00e3o. \u00c9 importante ressaltar que os candidatos devem ser Microempreendedor Individual (MEI) com finalidade cultural ou pessoa f\u00edsica representada por MEI com finalidade cultural.<\/p>\n<p>&nbsp;<\/p>\n<p>No total, 16 composi\u00e7\u00f5es v\u00e3o integrar a Mostra. Quem for selecionado receber\u00e1 cach\u00ea de R$1.000 por m\u00fasica escolhida, lembrando que cada artista pode ter at\u00e9 duas escolhas. Ser\u00e3o considerados os crit\u00e9rios de singularidade e originalidade; car\u00e1ter inovador; qualidade art\u00edstica e t\u00e9cnica; adequa\u00e7\u00e3o do trabalho \u00e0 sua proposta estil\u00edstica; e diversidade.<\/p>\n<p>&nbsp;<\/p>\n<p>A Mostra de M\u00fasica Autoral Velho Chico faz parte da programa\u00e7\u00e3o do Festival de M\u00fasica de Penedo e, de acordo com o coordenador Vanilson Coelho, pretende estimular e difundir a produ\u00e7\u00e3o musical autoral em seus diferentes g\u00eaneros. \u201cA perspectiva para este ano \u00e9 que haja mais participantes pelo fato de muitos j\u00e1 conhecerem a mostra. A mostra de 2022 foi um sucesso e, com certeza, os m\u00fasicos j\u00e1 est\u00e3o aguardando o edital deste ano. Tivemos inscritos de Alagoas e de outros estados, como Sergipe, Paran\u00e1 e S\u00e3o Paulo\u201d, completou.<\/p>\n<p>&nbsp;<\/p>\n<p>Na edi\u00e7\u00e3o do ano passado, Vanilson Coelho ressalta que houve uma boa participa\u00e7\u00e3o de artistas penedenses. \u201cTivemos mais de 40% de participa\u00e7\u00e3o de m\u00fasicos de Penedo e regi\u00e3o. Isso foi muito bom para o festival, porque n\u00e3o t\u00ednhamos na programa\u00e7\u00e3o a m\u00fasica popular daquela regi\u00e3o ribeirinha. Nossa proposta \u00e9 incentivar a m\u00fasica autoral entre os ribeirinhos. Por isso foi muito importante a mostra realizada em 2022\u201d, revelou Coelho.<\/p>\n<p>&nbsp;<\/p>\n<p>A secret\u00e1ria de Estado da Cultura e Economia Criativa, Mellina Freitas, destacou a import\u00e2ncia de apoiar esse tipo de iniciativa. &#8220;O apoio a eventos como o Festival de M\u00fasica de Penedo \u00e9 uma maneira concreta de investir no talento e na cultura alagoana, impulsionando a forma\u00e7\u00e3o de novos artistas e valorizando nossa identidade cultural\u201d, disse.<\/p>\n<p>&nbsp;<\/p>\n<p>\u201cEsse festival, que j\u00e1 se tornou um evento tradicional em nossa regi\u00e3o, \u00e9 uma vitrine para os talentos musicais locais e uma oportunidade de promover o interc\u00e2mbio cultural entre artistas de diferentes partes do pa\u00eds. Al\u00e9m disso, o Festival de M\u00fasica de Penedo contribui para o desenvolvimento econ\u00f4mico da regi\u00e3o, atraindo turistas e gerando oportunidades de neg\u00f3cios para os empreendedores locais.\u201d, destacou a secret\u00e1ria.<\/p>\n<p>&nbsp;<\/p>\n<p>A Mostra de M\u00fasica Autoral Velho Chico ser\u00e1 dia 19 de outubro, no Largo de S\u00e3o Gon\u00e7alo, no Centro Hist\u00f3rico de Penedo. Para quem n\u00e3o puder estar pessoalmente, o Festival de M\u00fasica de Penedo ir\u00e1 transmitir ao vivo as apresenta\u00e7\u00f5es desse ano e ficar\u00e1 dispon\u00edvel em per\u00edodo definido pela comiss\u00e3o organizadora.<\/p>\n<p>&nbsp;<\/p>\n<p>&nbsp;<\/p>\n<p>&nbsp;<\/p>\n<p><strong>por Ryan Charles \/ Ascom Secult com Simoneide Ara\u00fajo \/ Ascom Ufal<\/strong><\/p>\n<p>&nbsp;<\/p>\n","protected":false},"excerpt":{"rendered":"<p>J\u00e1 foi dada a largada para a edi\u00e7\u00e3o de 2023 do Festival de M\u00fasica de Penedo (FEMUPE), que acontecer\u00e1 entre os dias 17 a 21 de outubro. Junto ao festival ser\u00e1 realizada tamb\u00e9m a 2\u00aa Mostra Autoral Velho Chico. &nbsp; Compositores podem realizar as inscri\u00e7\u00f5es at\u00e9 o dia 3 de agosto no site oficial do &hellip;<\/p>\n","protected":false},"author":2,"featured_media":28607,"comment_status":"open","ping_status":"open","sticky":false,"template":"","format":"standard","meta":{"_jetpack_memberships_contains_paid_content":false,"footnotes":""},"categories":[1,3],"tags":[],"class_list":["post-28606","post","type-post","status-publish","format-standard","has-post-thumbnail","hentry","category-destaque","category-penedo"],"jetpack_featured_media_url":"https:\/\/www.oparanews.com.br\/wp-content\/uploads\/2023\/07\/festival-de-musica-de-penedo-lanca-edital-e-abre-as-inscricoes-para-a-2-mostra-autoral-velho-chico-scaled.jpeg","jetpack_sharing_enabled":true,"_links":{"self":[{"href":"https:\/\/www.oparanews.com.br\/index.php\/wp-json\/wp\/v2\/posts\/28606","targetHints":{"allow":["GET"]}}],"collection":[{"href":"https:\/\/www.oparanews.com.br\/index.php\/wp-json\/wp\/v2\/posts"}],"about":[{"href":"https:\/\/www.oparanews.com.br\/index.php\/wp-json\/wp\/v2\/types\/post"}],"author":[{"embeddable":true,"href":"https:\/\/www.oparanews.com.br\/index.php\/wp-json\/wp\/v2\/users\/2"}],"replies":[{"embeddable":true,"href":"https:\/\/www.oparanews.com.br\/index.php\/wp-json\/wp\/v2\/comments?post=28606"}],"version-history":[{"count":1,"href":"https:\/\/www.oparanews.com.br\/index.php\/wp-json\/wp\/v2\/posts\/28606\/revisions"}],"predecessor-version":[{"id":28608,"href":"https:\/\/www.oparanews.com.br\/index.php\/wp-json\/wp\/v2\/posts\/28606\/revisions\/28608"}],"wp:featuredmedia":[{"embeddable":true,"href":"https:\/\/www.oparanews.com.br\/index.php\/wp-json\/wp\/v2\/media\/28607"}],"wp:attachment":[{"href":"https:\/\/www.oparanews.com.br\/index.php\/wp-json\/wp\/v2\/media?parent=28606"}],"wp:term":[{"taxonomy":"category","embeddable":true,"href":"https:\/\/www.oparanews.com.br\/index.php\/wp-json\/wp\/v2\/categories?post=28606"},{"taxonomy":"post_tag","embeddable":true,"href":"https:\/\/www.oparanews.com.br\/index.php\/wp-json\/wp\/v2\/tags?post=28606"}],"curies":[{"name":"wp","href":"https:\/\/api.w.org\/{rel}","templated":true}]}}