{"id":28637,"date":"2023-07-06T22:58:03","date_gmt":"2023-07-07T01:58:03","guid":{"rendered":"https:\/\/www.oparanews.com.br\/?p=28637"},"modified":"2023-07-06T22:58:03","modified_gmt":"2023-07-07T01:58:03","slug":"audio-oparanews-presente-na-inauguracao-de-ruas-pavimentadas-na-castro-alves","status":"publish","type":"post","link":"https:\/\/www.oparanews.com.br\/index.php\/2023\/07\/06\/audio-oparanews-presente-na-inauguracao-de-ruas-pavimentadas-na-castro-alves\/","title":{"rendered":"\u00c1UDIO: OparaNews presente na inaugura\u00e7\u00e3o de ruas pavimentadas na Castro Alves"},"content":{"rendered":"<p>Nossa reportagem esteve presente nesta quarta-feira, 05, na inaugura\u00e7\u00e3o de ruas pavimentadas no bairro Castro Alves, em Penedo. Na oportunidade, Valdi Fernando entrevistou o secret\u00e1rio de Servi\u00e7os P\u00fablicos, Ivo Costa, o vereador Ernande Pinheiro e o prefeito de Penedo Ronaldo Lopes.<\/p>\n<p>&nbsp;<\/p>\n<p><strong>SECRET\u00c1RIO IVO COSTA<\/strong><br \/>\n<strong><a href=\"http:\/\/www.oparanews.com.br\/wp-content\/uploads\/2023\/07\/PHOTO-2023-07-06-20-41-53.jpg\"><img loading=\"lazy\" decoding=\"async\" class=\"alignleft size-medium wp-image-28643\" src=\"http:\/\/www.oparanews.com.br\/wp-content\/uploads\/2023\/07\/PHOTO-2023-07-06-20-41-53-225x300.jpg\" alt=\"\" width=\"225\" height=\"300\" srcset=\"https:\/\/www.oparanews.com.br\/wp-content\/uploads\/2023\/07\/PHOTO-2023-07-06-20-41-53-225x300.jpg 225w, https:\/\/www.oparanews.com.br\/wp-content\/uploads\/2023\/07\/PHOTO-2023-07-06-20-41-53-768x1024.jpg 768w, https:\/\/www.oparanews.com.br\/wp-content\/uploads\/2023\/07\/PHOTO-2023-07-06-20-41-53-1152x1536.jpg 1152w, https:\/\/www.oparanews.com.br\/wp-content\/uploads\/2023\/07\/PHOTO-2023-07-06-20-41-53.jpg 1200w\" sizes=\"auto, (max-width: 225px) 100vw, 225px\" \/><\/a><br \/>\n<\/strong><\/p>\n<audio class=\"wp-audio-shortcode\" id=\"audio-28637-1\" preload=\"none\" style=\"width: 100%;\" controls=\"controls\"><source type=\"audio\/mpeg\" src=\"http:\/\/www.oparanews.com.br\/wp-content\/uploads\/2023\/07\/IVO-COSTA-05.07.23.mp3?_=1\" \/><a href=\"http:\/\/www.oparanews.com.br\/wp-content\/uploads\/2023\/07\/IVO-COSTA-05.07.23.mp3\">http:\/\/www.oparanews.com.br\/wp-content\/uploads\/2023\/07\/IVO-COSTA-05.07.23.mp3<\/a><\/audio>\n<p>&nbsp;<\/p>\n<p>&nbsp;<\/p>\n<p><strong>VEREADOR ERNANDE PINHEIRO<\/strong><br \/>\n<strong><a href=\"http:\/\/www.oparanews.com.br\/wp-content\/uploads\/2023\/07\/PHOTO-2023-07-06-20-42-25.jpg\"><img loading=\"lazy\" decoding=\"async\" class=\"alignleft size-medium wp-image-28642\" src=\"http:\/\/www.oparanews.com.br\/wp-content\/uploads\/2023\/07\/PHOTO-2023-07-06-20-42-25-226x300.jpg\" alt=\"\" width=\"226\" height=\"300\" srcset=\"https:\/\/www.oparanews.com.br\/wp-content\/uploads\/2023\/07\/PHOTO-2023-07-06-20-42-25-226x300.jpg 226w, https:\/\/www.oparanews.com.br\/wp-content\/uploads\/2023\/07\/PHOTO-2023-07-06-20-42-25-771x1024.jpg 771w, https:\/\/www.oparanews.com.br\/wp-content\/uploads\/2023\/07\/PHOTO-2023-07-06-20-42-25-768x1021.jpg 768w, https:\/\/www.oparanews.com.br\/wp-content\/uploads\/2023\/07\/PHOTO-2023-07-06-20-42-25-1156x1536.jpg 1156w, https:\/\/www.oparanews.com.br\/wp-content\/uploads\/2023\/07\/PHOTO-2023-07-06-20-42-25.jpg 1204w\" sizes=\"auto, (max-width: 226px) 100vw, 226px\" \/><\/a><br \/>\n<\/strong><\/p>\n<audio class=\"wp-audio-shortcode\" id=\"audio-28637-2\" preload=\"none\" style=\"width: 100%;\" controls=\"controls\"><source type=\"audio\/mpeg\" src=\"http:\/\/www.oparanews.com.br\/wp-content\/uploads\/2023\/07\/VEREADOR-ERNANDE-PINHEIRO-05.07.23.mp3?_=2\" \/><a href=\"http:\/\/www.oparanews.com.br\/wp-content\/uploads\/2023\/07\/VEREADOR-ERNANDE-PINHEIRO-05.07.23.mp3\">http:\/\/www.oparanews.com.br\/wp-content\/uploads\/2023\/07\/VEREADOR-ERNANDE-PINHEIRO-05.07.23.mp3<\/a><\/audio>\n<p>&nbsp;<\/p>\n<p>&nbsp;<\/p>\n<p><strong>PREFEITO RONALDO LOPES<\/strong><\/p>\n<audio class=\"wp-audio-shortcode\" id=\"audio-28637-3\" preload=\"none\" style=\"width: 100%;\" controls=\"controls\"><source type=\"audio\/mpeg\" src=\"http:\/\/www.oparanews.com.br\/wp-content\/uploads\/2023\/07\/RONALDO-LOPES-05.07.23.mp3?_=3\" \/><a href=\"http:\/\/www.oparanews.com.br\/wp-content\/uploads\/2023\/07\/RONALDO-LOPES-05.07.23.mp3\">http:\/\/www.oparanews.com.br\/wp-content\/uploads\/2023\/07\/RONALDO-LOPES-05.07.23.mp3<\/a><\/audio>\n<p>&nbsp;<\/p>\n<p>&nbsp;<\/p>\n<p>&nbsp;<\/p>\n<p><strong>por Reda\u00e7\u00e3o<\/strong><\/p>\n<p>&nbsp;<\/p>\n","protected":false},"excerpt":{"rendered":"<p>Nossa reportagem esteve presente nesta quarta-feira, 05, na inaugura\u00e7\u00e3o de ruas pavimentadas no bairro Castro Alves, em Penedo. Na oportunidade, Valdi Fernando entrevistou o secret\u00e1rio de Servi\u00e7os P\u00fablicos, Ivo Costa, o vereador Ernande Pinheiro e o prefeito de Penedo Ronaldo Lopes. &nbsp; SECRET\u00c1RIO IVO COSTA &nbsp; &nbsp; VEREADOR ERNANDE PINHEIRO &nbsp; &nbsp; PREFEITO RONALDO LOPES &hellip;<\/p>\n","protected":false},"author":2,"featured_media":28641,"comment_status":"open","ping_status":"open","sticky":false,"template":"","format":"standard","meta":{"_jetpack_memberships_contains_paid_content":false,"footnotes":""},"categories":[1,3],"tags":[],"class_list":["post-28637","post","type-post","status-publish","format-standard","has-post-thumbnail","hentry","category-destaque","category-penedo"],"jetpack_featured_media_url":"https:\/\/www.oparanews.com.br\/wp-content\/uploads\/2023\/07\/aaaaaaaaaaaaaaaaaaaaaa.jpg","jetpack_sharing_enabled":true,"_links":{"self":[{"href":"https:\/\/www.oparanews.com.br\/index.php\/wp-json\/wp\/v2\/posts\/28637","targetHints":{"allow":["GET"]}}],"collection":[{"href":"https:\/\/www.oparanews.com.br\/index.php\/wp-json\/wp\/v2\/posts"}],"about":[{"href":"https:\/\/www.oparanews.com.br\/index.php\/wp-json\/wp\/v2\/types\/post"}],"author":[{"embeddable":true,"href":"https:\/\/www.oparanews.com.br\/index.php\/wp-json\/wp\/v2\/users\/2"}],"replies":[{"embeddable":true,"href":"https:\/\/www.oparanews.com.br\/index.php\/wp-json\/wp\/v2\/comments?post=28637"}],"version-history":[{"count":4,"href":"https:\/\/www.oparanews.com.br\/index.php\/wp-json\/wp\/v2\/posts\/28637\/revisions"}],"predecessor-version":[{"id":28647,"href":"https:\/\/www.oparanews.com.br\/index.php\/wp-json\/wp\/v2\/posts\/28637\/revisions\/28647"}],"wp:featuredmedia":[{"embeddable":true,"href":"https:\/\/www.oparanews.com.br\/index.php\/wp-json\/wp\/v2\/media\/28641"}],"wp:attachment":[{"href":"https:\/\/www.oparanews.com.br\/index.php\/wp-json\/wp\/v2\/media?parent=28637"}],"wp:term":[{"taxonomy":"category","embeddable":true,"href":"https:\/\/www.oparanews.com.br\/index.php\/wp-json\/wp\/v2\/categories?post=28637"},{"taxonomy":"post_tag","embeddable":true,"href":"https:\/\/www.oparanews.com.br\/index.php\/wp-json\/wp\/v2\/tags?post=28637"}],"curies":[{"name":"wp","href":"https:\/\/api.w.org\/{rel}","templated":true}]}}