{"id":28685,"date":"2023-07-10T23:28:13","date_gmt":"2023-07-11T02:28:13","guid":{"rendered":"https:\/\/www.oparanews.com.br\/?p=28685"},"modified":"2023-07-10T23:28:13","modified_gmt":"2023-07-11T02:28:13","slug":"prefeitura-de-penedo-e-senai-alagoas-irao-ofertar-cursos-profissionalizantes-gratuitos-para-mais-de-4-mil-pessoas-com-programa-minha-chance","status":"publish","type":"post","link":"https:\/\/www.oparanews.com.br\/index.php\/2023\/07\/10\/prefeitura-de-penedo-e-senai-alagoas-irao-ofertar-cursos-profissionalizantes-gratuitos-para-mais-de-4-mil-pessoas-com-programa-minha-chance\/","title":{"rendered":"Prefeitura de Penedo e Senai Alagoas ir\u00e3o ofertar cursos profissionalizantes gratuitos para mais de 4 mil pessoas com Programa Minha Chance"},"content":{"rendered":"<p>O Prefeito de Penedo, Ronaldo Lopes, e o presidente da Federa\u00e7\u00e3o das Ind\u00fastrias de Alagoas (Fiea), Jos\u00e9 Carlos Lyra, firmaram parceria para oferta de cursos profissionalizantes que atender\u00e3o 4.080 pessoas residentes em Penedo, sem custo para os beneficiados.<\/p>\n<p>&nbsp;<\/p>\n<p>O investimento formalizado nesta segunda-feira, 10, na sede da Casa da Ind\u00fastria, em Macei\u00f3, \u00e9 mais uma iniciativa do governo na qualifica\u00e7\u00e3o dos penedenses, agora por meio do Programa Minha Chance.<\/p>\n<p><a href=\"http:\/\/www.oparanews.com.br\/wp-content\/uploads\/2023\/07\/prefeitura-penedo-senai-convenios-programa-minha-chance-1.jpeg\"><img loading=\"lazy\" decoding=\"async\" class=\"aligncenter size-full wp-image-28697\" src=\"http:\/\/www.oparanews.com.br\/wp-content\/uploads\/2023\/07\/prefeitura-penedo-senai-convenios-programa-minha-chance-1.jpeg\" alt=\"\" width=\"1280\" height=\"960\" srcset=\"https:\/\/www.oparanews.com.br\/wp-content\/uploads\/2023\/07\/prefeitura-penedo-senai-convenios-programa-minha-chance-1.jpeg 1280w, https:\/\/www.oparanews.com.br\/wp-content\/uploads\/2023\/07\/prefeitura-penedo-senai-convenios-programa-minha-chance-1-300x225.jpeg 300w, https:\/\/www.oparanews.com.br\/wp-content\/uploads\/2023\/07\/prefeitura-penedo-senai-convenios-programa-minha-chance-1-1024x768.jpeg 1024w, https:\/\/www.oparanews.com.br\/wp-content\/uploads\/2023\/07\/prefeitura-penedo-senai-convenios-programa-minha-chance-1-768x576.jpeg 768w\" sizes=\"auto, (max-width: 1280px) 100vw, 1280px\" \/><\/a><\/p>\n<p><em><strong>\u201cEssa parceria que envolve o Senai e o Sesi ser\u00e1 direcionada para as fam\u00edlias atendidas na Secretaria Municipal de Assist\u00eancia Social e aos estudantes da Educa\u00e7\u00e3o de Jovens e Adultos, modalidade que em nossa administra\u00e7\u00e3o tem total apoio e recorde de matr\u00edculas. S\u00e3o mais de mil pessoas que voltaram a estudar nas turmas da EJA em nossas escolas em 2023\u201d, frisa Ronaldo Lopes, gestor que criou o Bolsa Aux\u00edlio Perman\u00eancia para combater o analfabetismo entre jovens e adultos de Penedo.<\/strong><\/em><\/p>\n<p>&nbsp;<\/p>\n<p>Os conv\u00eanios do Programa Minha Chance estabelecem para a Secretaria Municipal de Assist\u00eancia Social e Direitos Humanos (SEMASDH) o total de 3.120 vagas distribu\u00eddas nas \u00e1reas de constru\u00e7\u00e3o civil, panifica\u00e7\u00e3o (padaria e confeitaria), eletroeletr\u00f4nicos, refrigera\u00e7\u00e3o e tecnologia da informa\u00e7\u00e3o (operador de computador).<\/p>\n<p>&nbsp;<\/p>\n<p>Para as turmas da EJA da Secretaria Municipal de Educa\u00e7\u00e3o (Semed) ser\u00e3o 960 vagas nas \u00e1reas de meio ambiente e gest\u00e3o e log\u00edstica, todos com certificado do Senai (Servi\u00e7o Nacional de Aprendizagem Industrial), inclusive dos cursos articulados pela SEMASDH.<\/p>\n<p>&nbsp;<\/p>\n<p>\u201cNossas institui\u00e7\u00f5es s\u00e3o reconhecidas no Brasil e no mundo e t\u00eam capacidade de transferir conhecimentos e tecnologias para ajudar a elevar o n\u00edvel da forma\u00e7\u00e3o educacional dos nossos estudantes\u201d, disse o presidente da Fiea por meio da assessoria da institui\u00e7\u00e3o.<\/p>\n<p>&nbsp;<\/p>\n<p>O Prefeito Ronaldo Lopes agradeceu a parceria da Fiea, elogiando o trabalho do presidente Jos\u00e9 Carlos Lyra, durante o ato que contou com a presen\u00e7a do Chefe de Gabinete Civil da Prefeitura de Penedo, Pedro Soares; da Secret\u00e1ria Ana Teresa Lopes (SEMASDH) e do Secret\u00e1rio Municipal de Comunica\u00e7\u00e3o, Kim Emmanuel.<\/p>\n<p>&nbsp;<\/p>\n<p>Tamb\u00e9m participaram da agenda de trabalho o diretor regional do Senai Alagoas, Alberto Paes; a gerente executiva de educa\u00e7\u00e3o no Sesi\/Senai, Clarice Barreiros; e a gerente executiva do Sistema FIEA, Monica Fireman.<\/p>\n<p>&nbsp;<\/p>\n<p>&nbsp;<\/p>\n<p>&nbsp;<\/p>\n<p><strong>Fonte: Secom PMP<\/strong><\/p>\n<p>&nbsp;<\/p>\n","protected":false},"excerpt":{"rendered":"<p>O Prefeito de Penedo, Ronaldo Lopes, e o presidente da Federa\u00e7\u00e3o das Ind\u00fastrias de Alagoas (Fiea), Jos\u00e9 Carlos Lyra, firmaram parceria para oferta de cursos profissionalizantes que atender\u00e3o 4.080 pessoas residentes em Penedo, sem custo para os beneficiados. &nbsp; O investimento formalizado nesta segunda-feira, 10, na sede da Casa da Ind\u00fastria, em Macei\u00f3, \u00e9 mais &hellip;<\/p>\n","protected":false},"author":2,"featured_media":28696,"comment_status":"open","ping_status":"open","sticky":false,"template":"","format":"standard","meta":{"_jetpack_memberships_contains_paid_content":false,"footnotes":""},"categories":[1,3],"tags":[],"class_list":["post-28685","post","type-post","status-publish","format-standard","has-post-thumbnail","hentry","category-destaque","category-penedo"],"jetpack_featured_media_url":"https:\/\/www.oparanews.com.br\/wp-content\/uploads\/2023\/07\/pmp.jpeg","jetpack_sharing_enabled":true,"_links":{"self":[{"href":"https:\/\/www.oparanews.com.br\/index.php\/wp-json\/wp\/v2\/posts\/28685","targetHints":{"allow":["GET"]}}],"collection":[{"href":"https:\/\/www.oparanews.com.br\/index.php\/wp-json\/wp\/v2\/posts"}],"about":[{"href":"https:\/\/www.oparanews.com.br\/index.php\/wp-json\/wp\/v2\/types\/post"}],"author":[{"embeddable":true,"href":"https:\/\/www.oparanews.com.br\/index.php\/wp-json\/wp\/v2\/users\/2"}],"replies":[{"embeddable":true,"href":"https:\/\/www.oparanews.com.br\/index.php\/wp-json\/wp\/v2\/comments?post=28685"}],"version-history":[{"count":1,"href":"https:\/\/www.oparanews.com.br\/index.php\/wp-json\/wp\/v2\/posts\/28685\/revisions"}],"predecessor-version":[{"id":28698,"href":"https:\/\/www.oparanews.com.br\/index.php\/wp-json\/wp\/v2\/posts\/28685\/revisions\/28698"}],"wp:featuredmedia":[{"embeddable":true,"href":"https:\/\/www.oparanews.com.br\/index.php\/wp-json\/wp\/v2\/media\/28696"}],"wp:attachment":[{"href":"https:\/\/www.oparanews.com.br\/index.php\/wp-json\/wp\/v2\/media?parent=28685"}],"wp:term":[{"taxonomy":"category","embeddable":true,"href":"https:\/\/www.oparanews.com.br\/index.php\/wp-json\/wp\/v2\/categories?post=28685"},{"taxonomy":"post_tag","embeddable":true,"href":"https:\/\/www.oparanews.com.br\/index.php\/wp-json\/wp\/v2\/tags?post=28685"}],"curies":[{"name":"wp","href":"https:\/\/api.w.org\/{rel}","templated":true}]}}